{"id":326708,"date":"2024-04-10T08:40:46","date_gmt":"2024-04-10T05:40:46","guid":{"rendered":"https:\/\/sana.sy\/es\/?p=326708"},"modified":"2024-04-10T09:02:00","modified_gmt":"2024-04-10T06:02:00","slug":"presidente-al-assad-felicita-a-las-fuerzas-armadas-sirias-con-motivo-de-eid-al-fitr","status":"publish","type":"post","link":"https:\/\/archive.sana.sy\/es\/?p=326708","title":{"rendered":"Presidente Al-Assad felicita a las fuerzas armadas sirias con motivo de Eid Al-Fitr"},"content":{"rendered":"<p style=\"text-align: justify;\"><span style=\"color: #800000;\"><strong>Damasco, 10 abr (SANA)<\/strong><\/span>\u00a0 \u00a0El presidente y comandante en jefe del Ej\u00e9rcito y las Fuerzas Armadas de Siria, Bashar Al-Assad, felicit\u00f3 a los integrantes de las fuerzas armadas con motivo del Eid al-Fitr, la festividad musulmana del t\u00e9rmino del Ramad\u00e1n, sagrado mes del ayuno musulm\u00e1n.<\/p>\n<p style=\"text-align: justify;\">El Ministerio de Defensa inform\u00f3 que el Presidente extendi\u00f3 sus m\u00e1s c\u00e1lidas felicitaciones y bendiciones a los militares y les dese\u00f3 \u00e9xito continuo en el desempe\u00f1o de sus tareas y deberes nacionales.<\/p>\n<p style=\"text-align: justify;\">Dese\u00f3 paz para las almas de los m\u00e1rtires de la naci\u00f3n y pronta recuperaci\u00f3n para los heridos.<\/p>\n<p style=\"text-align: justify;\">Esper\u00f3 que cuando esta fiesta se repita de nuevo, el pueblo haya vencido el terrorismo y sus herramientas y sus partidarios, y se haya liberado cada pulgada del territorio de la ocupaci\u00f3n, y que Siria haya recuperado su esplendor, bienestar y una presencia activa y fundamental.<\/p>\n<p style=\"text-align: justify;\">fm\/rr<\/p>\n","protected":false},"excerpt":{"rendered":"<p>Damasco, 10 abr (SANA)\u00a0 \u00a0El presidente y comandante en jefe del Ej\u00e9rcito y las Fuerzas Armadas de Siria, Bashar Al-Assad, felicit\u00f3 a los integrantes de las fuerzas armadas con motivo del Eid al-Fitr, la festividad musulmana del t\u00e9rmino del Ramad\u00e1n, sagrado mes del ayuno musulm\u00e1n. El Ministerio de Defensa inform\u00f3 que el Presidente extendi\u00f3 sus &hellip;<\/p>\n","protected":false},"author":31,"featured_media":326709,"comment_status":"closed","ping_status":"closed","sticky":false,"template":"","format":"standard","meta":{"footnotes":""},"categories":[597,476,16237,583,626],"tags":[22490,22491,6553],"class_list":["post-326708","post","type-post","status-publish","format-standard","has-post-thumbnail","","category-cinta-de-noticias","category-locales","category-presidence-de-la-republique-arabe-syria","category-slide","category-sr-presidente","tag-eida-alfitr","tag-fuerzas-armadas","tag-siria"],"_links":{"self":[{"href":"https:\/\/archive.sana.sy\/es\/index.php?rest_route=\/wp\/v2\/posts\/326708"}],"collection":[{"href":"https:\/\/archive.sana.sy\/es\/index.php?rest_route=\/wp\/v2\/posts"}],"about":[{"href":"https:\/\/archive.sana.sy\/es\/index.php?rest_route=\/wp\/v2\/types\/post"}],"author":[{"embeddable":true,"href":"https:\/\/archive.sana.sy\/es\/index.php?rest_route=\/wp\/v2\/users\/31"}],"replies":[{"embeddable":true,"href":"https:\/\/archive.sana.sy\/es\/index.php?rest_route=%2Fwp%2Fv2%2Fcomments&post=326708"}],"version-history":[{"count":1,"href":"https:\/\/archive.sana.sy\/es\/index.php?rest_route=\/wp\/v2\/posts\/326708\/revisions"}],"predecessor-version":[{"id":326710,"href":"https:\/\/archive.sana.sy\/es\/index.php?rest_route=\/wp\/v2\/posts\/326708\/revisions\/326710"}],"wp:featuredmedia":[{"embeddable":true,"href":"https:\/\/archive.sana.sy\/es\/index.php?rest_route=\/wp\/v2\/media\/326709"}],"wp:attachment":[{"href":"https:\/\/archive.sana.sy\/es\/index.php?rest_route=%2Fwp%2Fv2%2Fmedia&parent=326708"}],"wp:term":[{"taxonomy":"category","embeddable":true,"href":"https:\/\/archive.sana.sy\/es\/index.php?rest_route=%2Fwp%2Fv2%2Fcategories&post=326708"},{"taxonomy":"post_tag","embeddable":true,"href":"https:\/\/archive.sana.sy\/es\/index.php?rest_route=%2Fwp%2Fv2%2Ftags&post=326708"}],"curies":[{"name":"wp","href":"https:\/\/api.w.org\/{rel}","templated":true}]}}