{"id":326732,"date":"2024-04-10T12:10:37","date_gmt":"2024-04-10T09:10:37","guid":{"rendered":"https:\/\/sana.sy\/es\/?p=326732"},"modified":"2024-04-10T12:33:36","modified_gmt":"2024-04-10T09:33:36","slug":"defensa-rusa-destruye-drones-ucranianos-en-briansk","status":"publish","type":"post","link":"https:\/\/archive.sana.sy\/es\/?p=326732","title":{"rendered":"Defensa rusa destruye drones ucranianos en Briansk"},"content":{"rendered":"<p style=\"text-align: justify;\"><span style=\"color: #800000;\"><strong>Mosc\u00fa, 10 abr (SANA)\u00a0<\/strong><\/span> El Ej\u00e9rcito ruso destruy\u00f3 cinco drones ucranianos sobre el territorio de la Federaci\u00f3n de Rusia.<\/p>\n<p style=\"text-align: justify;\">\u201cAnoche fue frustrado un intento del r\u00e9gimen de Kiev de llevar a cabo un ataque terrorista utilizando un dron contra objetivos en Rusia\u201d, anunci\u00f3 el Ministerio de Defensa ruso en un comunicado.<\/p>\n<p style=\"text-align: justify;\">Detall\u00f3 que los sistemas de defensa a\u00e9rea destruyeron cinco drones sobre el territorio de la regi\u00f3n de Briansk.<\/p>\n<p style=\"text-align: justify;\">rr\/fm<\/p>\n","protected":false},"excerpt":{"rendered":"<p>Mosc\u00fa, 10 abr (SANA)\u00a0 El Ej\u00e9rcito ruso destruy\u00f3 cinco drones ucranianos sobre el territorio de la Federaci\u00f3n de Rusia. \u201cAnoche fue frustrado un intento del r\u00e9gimen de Kiev de llevar a cabo un ataque terrorista utilizando un dron contra objetivos en Rusia\u201d, anunci\u00f3 el Ministerio de Defensa ruso en un comunicado. Detall\u00f3 que los sistemas &hellip;<\/p>\n","protected":false},"author":31,"featured_media":326733,"comment_status":"closed","ping_status":"closed","sticky":false,"template":"","format":"standard","meta":{"footnotes":""},"categories":[597,456,16687,7541],"tags":[6553,20357],"class_list":["post-326732","post","type-post","status-publish","format-standard","has-post-thumbnail","","category-cinta-de-noticias","category-arabe-internacional-politica","category-internacionales","category-ultimas-noticias","tag-siria","tag-ucrania"],"_links":{"self":[{"href":"https:\/\/archive.sana.sy\/es\/index.php?rest_route=\/wp\/v2\/posts\/326732"}],"collection":[{"href":"https:\/\/archive.sana.sy\/es\/index.php?rest_route=\/wp\/v2\/posts"}],"about":[{"href":"https:\/\/archive.sana.sy\/es\/index.php?rest_route=\/wp\/v2\/types\/post"}],"author":[{"embeddable":true,"href":"https:\/\/archive.sana.sy\/es\/index.php?rest_route=\/wp\/v2\/users\/31"}],"replies":[{"embeddable":true,"href":"https:\/\/archive.sana.sy\/es\/index.php?rest_route=%2Fwp%2Fv2%2Fcomments&post=326732"}],"version-history":[{"count":1,"href":"https:\/\/archive.sana.sy\/es\/index.php?rest_route=\/wp\/v2\/posts\/326732\/revisions"}],"predecessor-version":[{"id":326734,"href":"https:\/\/archive.sana.sy\/es\/index.php?rest_route=\/wp\/v2\/posts\/326732\/revisions\/326734"}],"wp:featuredmedia":[{"embeddable":true,"href":"https:\/\/archive.sana.sy\/es\/index.php?rest_route=\/wp\/v2\/media\/326733"}],"wp:attachment":[{"href":"https:\/\/archive.sana.sy\/es\/index.php?rest_route=%2Fwp%2Fv2%2Fmedia&parent=326732"}],"wp:term":[{"taxonomy":"category","embeddable":true,"href":"https:\/\/archive.sana.sy\/es\/index.php?rest_route=%2Fwp%2Fv2%2Fcategories&post=326732"},{"taxonomy":"post_tag","embeddable":true,"href":"https:\/\/archive.sana.sy\/es\/index.php?rest_route=%2Fwp%2Fv2%2Ftags&post=326732"}],"curies":[{"name":"wp","href":"https:\/\/api.w.org\/{rel}","templated":true}]}}