{"id":326747,"date":"2024-04-10T14:39:40","date_gmt":"2024-04-10T11:39:40","guid":{"rendered":"https:\/\/sana.sy\/es\/?p=326747"},"modified":"2024-04-10T14:39:40","modified_gmt":"2024-04-10T11:39:40","slug":"reconocer-un-estado-palestino-es-un-interes-geopolitico-para-europa-afirma-el-presidente-del-gobierno-espanol","status":"publish","type":"post","link":"https:\/\/archive.sana.sy\/es\/?p=326747","title":{"rendered":"Reconocer un Estado palestino es un inter\u00e9s geopol\u00edtico para Europa, afirma el Presidente del Gobierno espa\u00f1ol"},"content":{"rendered":"<p style=\"text-align: justify;\"><span style=\"color: #800000;\"><strong>Madrid, 10 abr (SANA)\u00a0<\/strong> <\/span>El primer ministro espa\u00f1ol, Pedro S\u00e1nchez, declar\u00f3 hoy que reconocer un Estado palestino redunda en inter\u00e9s geopol\u00edtico de Europa y reiter\u00f3 que Madrid est\u00e1 dispuesto a dar este paso.<\/p>\n<p style=\"text-align: justify;\">En una intervenci\u00f3n en el Congreso Diputados, Pedro S\u00e1nchez, subray\u00f3 que un paso en esa direcci\u00f3n redundar\u00eda en el inter\u00e9s geopol\u00edtico de Europa.<\/p>\n<p style=\"text-align: justify;\">S\u00e1nchez fue enf\u00e1tico al reiterar que Espa\u00f1a est\u00e1 preparada para reconocer al Estado palestino, en el umbral de una gira que realizar\u00e1 en las pr\u00f3ximas horas por Noruega, Polonia e Irlanda, y encuentros de alto nivel con Portugal y Eslovenia.<\/p>\n<p style=\"text-align: justify;\">En una comparecencia consagrada a la pol\u00edtica exterior, el jefe del Ejecutivo reconoci\u00f3 sus esfuerzos por convencer a los m\u00e1ximos dirigentes del Viejo Continente de que el Estado Palestino debe ser reconocido porque \u2018es lo justo, lo demanda la mayor\u00eda social y por el inter\u00e9s geopol\u00edtico de Europa\u2019.<\/p>\n<p style=\"text-align: justify;\">Recalc\u00f3 que la comunidad internacional no podr\u00e1 ayudar al Estado palestino si no reconoce su existencia, un tema que provoc\u00f3 a nivel interno una \u00e1cida pol\u00e9mica con el exgobernante Jos\u00e9 Mar\u00eda Aznar, quien desbarr\u00f3 de la existencia de este pueblo \u00e1rabe.<\/p>\n<p style=\"text-align: justify;\">fm<\/p>\n","protected":false},"excerpt":{"rendered":"<p>Madrid, 10 abr (SANA)\u00a0 El primer ministro espa\u00f1ol, Pedro S\u00e1nchez, declar\u00f3 hoy que reconocer un Estado palestino redunda en inter\u00e9s geopol\u00edtico de Europa y reiter\u00f3 que Madrid est\u00e1 dispuesto a dar este paso. En una intervenci\u00f3n en el Congreso Diputados, Pedro S\u00e1nchez, subray\u00f3 que un paso en esa direcci\u00f3n redundar\u00eda en el inter\u00e9s geopol\u00edtico de &hellip;<\/p>\n","protected":false},"author":34,"featured_media":326748,"comment_status":"closed","ping_status":"closed","sticky":false,"template":"","format":"standard","meta":{"footnotes":""},"categories":[597,456,20724,7541],"tags":[],"class_list":["post-326747","post","type-post","status-publish","format-standard","has-post-thumbnail","","category-cinta-de-noticias","category-arabe-internacional-politica","category-minuto-a-minuto","category-ultimas-noticias"],"_links":{"self":[{"href":"https:\/\/archive.sana.sy\/es\/index.php?rest_route=\/wp\/v2\/posts\/326747"}],"collection":[{"href":"https:\/\/archive.sana.sy\/es\/index.php?rest_route=\/wp\/v2\/posts"}],"about":[{"href":"https:\/\/archive.sana.sy\/es\/index.php?rest_route=\/wp\/v2\/types\/post"}],"author":[{"embeddable":true,"href":"https:\/\/archive.sana.sy\/es\/index.php?rest_route=\/wp\/v2\/users\/34"}],"replies":[{"embeddable":true,"href":"https:\/\/archive.sana.sy\/es\/index.php?rest_route=%2Fwp%2Fv2%2Fcomments&post=326747"}],"version-history":[{"count":1,"href":"https:\/\/archive.sana.sy\/es\/index.php?rest_route=\/wp\/v2\/posts\/326747\/revisions"}],"predecessor-version":[{"id":326749,"href":"https:\/\/archive.sana.sy\/es\/index.php?rest_route=\/wp\/v2\/posts\/326747\/revisions\/326749"}],"wp:featuredmedia":[{"embeddable":true,"href":"https:\/\/archive.sana.sy\/es\/index.php?rest_route=\/wp\/v2\/media\/326748"}],"wp:attachment":[{"href":"https:\/\/archive.sana.sy\/es\/index.php?rest_route=%2Fwp%2Fv2%2Fmedia&parent=326747"}],"wp:term":[{"taxonomy":"category","embeddable":true,"href":"https:\/\/archive.sana.sy\/es\/index.php?rest_route=%2Fwp%2Fv2%2Fcategories&post=326747"},{"taxonomy":"post_tag","embeddable":true,"href":"https:\/\/archive.sana.sy\/es\/index.php?rest_route=%2Fwp%2Fv2%2Ftags&post=326747"}],"curies":[{"name":"wp","href":"https:\/\/api.w.org\/{rel}","templated":true}]}}