{"id":326756,"date":"2024-04-10T17:21:54","date_gmt":"2024-04-10T14:21:54","guid":{"rendered":"https:\/\/sana.sy\/es\/?p=326756"},"modified":"2024-04-10T17:21:54","modified_gmt":"2024-04-10T14:21:54","slug":"jamenei-la-entidad-sionista-sera-castigada-por-sus-crimenes","status":"publish","type":"post","link":"https:\/\/archive.sana.sy\/es\/?p=326756","title":{"rendered":"Jamenei: La entidad sionista ser\u00e1 castigada por sus cr\u00edmenes"},"content":{"rendered":"<p style=\"text-align: justify\"><span style=\"color: #800000\"><strong>Teher\u00e1n, 10 abr (SANA)<\/strong> <\/span>El L\u00edder de la Revoluci\u00f3n Isl\u00e1mica de Ir\u00e1n, Ali Jamenei, destac\u00f3 que la entidad sionista cometi\u00f3 un error al atacar el consulado iran\u00ed en la capital siria, Damasco, y asegurando que esta acci\u00f3n no quedar\u00e1 impune.<\/p>\n<p style=\"text-align: justify\">Durante\u00a0 el serm\u00f3n de Eid al-Fitr, Jamenei se\u00f1al\u00f3 que el ataque contra el consulado iran\u00ed equivale a una agresi\u00f3n directa contra la misma Ir\u00e1n, y confirm\u00f3 que la entidad usurpadora no se salvar\u00e1 del castigo por cometer este error grave.<\/p>\n<p style=\"text-align: justify\">Subray\u00f3 que el apoyo que brindan los gobiernos occidentales a los cr\u00edmenes de \u201cIsrael\u201d muestra la \u00edndole malvada de Occidente a la hora de tratar la cuesti\u00f3n de Gaza y Palestina.<\/p>\n<p style=\"text-align: justify\">\u00a0\u201cEn seis meses, m\u00e1s de treinta mil personas desarmadas cayeron m\u00e1rtires en Palestina.&#8221;, denunci\u00f3.<\/p>\n<p style=\"text-align: justify\">Enfatiz\u00f3 que \u201cIsrael\u201d no pudo derrotar a los valientes de la resistencia y por ello mata a ni\u00f1os e inocentes.<\/p>\n<p style=\"text-align: justify\">Exigi\u00f3 a los pa\u00edses del mundo que rompan sus relaciones con la entidad ocupante y \u00a0no la ayuden a continuar con sus pr\u00e1cticas criminales contra el pueblo palestino.<\/p>\n<p style=\"text-align: justify\">la<\/p>\n","protected":false},"excerpt":{"rendered":"<p>Teher\u00e1n, 10 abr (SANA) El L\u00edder de la Revoluci\u00f3n Isl\u00e1mica de Ir\u00e1n, Ali Jamenei, destac\u00f3 que la entidad sionista cometi\u00f3 un error al atacar el consulado iran\u00ed en la capital siria, Damasco, y asegurando que esta acci\u00f3n no quedar\u00e1 impune. Durante\u00a0 el serm\u00f3n de Eid al-Fitr, Jamenei se\u00f1al\u00f3 que el ataque contra el consulado iran\u00ed &hellip;<\/p>\n","protected":false},"author":24,"featured_media":326757,"comment_status":"closed","ping_status":"closed","sticky":false,"template":"","format":"standard","meta":{"footnotes":""},"categories":[597,456,16687,20724,7541],"tags":[],"class_list":["post-326756","post","type-post","status-publish","format-standard","has-post-thumbnail","","category-cinta-de-noticias","category-arabe-internacional-politica","category-internacionales","category-minuto-a-minuto","category-ultimas-noticias"],"_links":{"self":[{"href":"https:\/\/archive.sana.sy\/es\/index.php?rest_route=\/wp\/v2\/posts\/326756"}],"collection":[{"href":"https:\/\/archive.sana.sy\/es\/index.php?rest_route=\/wp\/v2\/posts"}],"about":[{"href":"https:\/\/archive.sana.sy\/es\/index.php?rest_route=\/wp\/v2\/types\/post"}],"author":[{"embeddable":true,"href":"https:\/\/archive.sana.sy\/es\/index.php?rest_route=\/wp\/v2\/users\/24"}],"replies":[{"embeddable":true,"href":"https:\/\/archive.sana.sy\/es\/index.php?rest_route=%2Fwp%2Fv2%2Fcomments&post=326756"}],"version-history":[{"count":1,"href":"https:\/\/archive.sana.sy\/es\/index.php?rest_route=\/wp\/v2\/posts\/326756\/revisions"}],"predecessor-version":[{"id":326758,"href":"https:\/\/archive.sana.sy\/es\/index.php?rest_route=\/wp\/v2\/posts\/326756\/revisions\/326758"}],"wp:featuredmedia":[{"embeddable":true,"href":"https:\/\/archive.sana.sy\/es\/index.php?rest_route=\/wp\/v2\/media\/326757"}],"wp:attachment":[{"href":"https:\/\/archive.sana.sy\/es\/index.php?rest_route=%2Fwp%2Fv2%2Fmedia&parent=326756"}],"wp:term":[{"taxonomy":"category","embeddable":true,"href":"https:\/\/archive.sana.sy\/es\/index.php?rest_route=%2Fwp%2Fv2%2Fcategories&post=326756"},{"taxonomy":"post_tag","embeddable":true,"href":"https:\/\/archive.sana.sy\/es\/index.php?rest_route=%2Fwp%2Fv2%2Ftags&post=326756"}],"curies":[{"name":"wp","href":"https:\/\/api.w.org\/{rel}","templated":true}]}}