{"id":326763,"date":"2024-04-10T18:37:52","date_gmt":"2024-04-10T15:37:52","guid":{"rendered":"https:\/\/sana.sy\/es\/?p=326763"},"modified":"2024-04-10T19:23:18","modified_gmt":"2024-04-10T16:23:18","slug":"con-motivo-de-eid-al-fitr-ministro-de-defensa-visita-a-formaciones-en-posiciones-de-combate-y-a-soldados-heridos","status":"publish","type":"post","link":"https:\/\/archive.sana.sy\/es\/?p=326763","title":{"rendered":"Con motivo de Eid al-Fitr, el Ministro de Defensa visita a las  formaciones\u00a0militares en las l\u00edneas del frente y a soldados heridos"},"content":{"rendered":"<p style=\"text-align: justify\"><span style=\"color: #800000\"><strong>Damasco, 10 abr (SANA)<\/strong> <\/span>Atendiendo orientaciones del presidente Bashar Al-Assad, el teniente general Ali Mahmoud Abbas, comandante en jefe adjunto del Ej\u00e9rcito y Fuerzas Armadas y ministro de Defensa, realiz\u00f3 una visita a varias formaciones del ejercito que operan en la regi\u00f3n costera.<\/p>\n<p style=\"text-align: justify\">El alto militar sirio se reuni\u00f3 con los l\u00edderes de las formaciones y comandantes de campo y traslad\u00f3 a los soldados las felicitaciones del presidente al-Assad con motivo de Eid Al-Fitr, y sus deseos de bienestar a ellos y sus familias.<\/p>\n<p style=\"text-align: justify\">A continuaci\u00f3n, el ministro Abbas recorri\u00f3 varios puntos avanzados, y una unidad de la defensa a\u00e9rea, donde inspeccion\u00f3 su preparaci\u00f3n, y se encontr\u00f3 con combatientes en las primeras l\u00edneas.<\/p>\n<p style=\"text-align: justify\">El teniente general valor\u00f3 altamente el hero\u00edsmo de los militares sirios y los sacrificios que est\u00e1n ofreciendo en todos los frentes de combate.<\/p>\n<p style=\"text-align: justify\">A su vez, los soldados confirmaron su alta preparaci\u00f3n para hacer frente a cualquier ataque que pueda socavar la seguridad y estabilidad de la patria.<\/p>\n<p style=\"text-align: justify\">Al final de su gira, Abbas pregunt\u00f3 por la salud de los soldados ingresados en el Hospital Militar de Tishreen y los felicit\u00f3 por la fiesta actual dese\u00e1ndoles a ellos y a sus familias salud y bienestar.<\/p>\n<p style=\"text-align: justify\">Por la misma ocasi\u00f3n, los comandantes de las regiones militares visitaron los cementerios de los m\u00e1rtires y colocaron ofrendas florales sobre los monumentos conmemorativos, y tambi\u00e9n visitaron a los heridos ingresados en los hospitales militares.<\/p>\n<div id='gallery-1' class='gallery galleryid-326763 gallery-columns-1 gallery-size-full'><figure class='gallery-item'>\n\t\t\t<div class='gallery-icon landscape'>\n\t\t\t\t<a href='https:\/\/archive.sana.sy\/es\/wp-content\/uploads\/2024\/04\/Con-motivo-de-Eid-al-Fitr-Ministro-de-Defensa-visita-a-formaciones-en-posiciones-de-combate-y-a-soldados-heridos-1.jpg'><img loading=\"lazy\" decoding=\"async\" width=\"660\" height=\"440\" src=\"https:\/\/archive.sana.sy\/es\/wp-content\/uploads\/2024\/04\/Con-motivo-de-Eid-al-Fitr-Ministro-de-Defensa-visita-a-formaciones-en-posiciones-de-combate-y-a-soldados-heridos-1.jpg\" class=\"attachment-full size-full\" alt=\"\" srcset=\"https:\/\/archive.sana.sy\/es\/wp-content\/uploads\/2024\/04\/Con-motivo-de-Eid-al-Fitr-Ministro-de-Defensa-visita-a-formaciones-en-posiciones-de-combate-y-a-soldados-heridos-1.jpg 660w, https:\/\/archive.sana.sy\/es\/wp-content\/uploads\/2024\/04\/Con-motivo-de-Eid-al-Fitr-Ministro-de-Defensa-visita-a-formaciones-en-posiciones-de-combate-y-a-soldados-heridos-1-300x200.jpg 300w, https:\/\/archive.sana.sy\/es\/wp-content\/uploads\/2024\/04\/Con-motivo-de-Eid-al-Fitr-Ministro-de-Defensa-visita-a-formaciones-en-posiciones-de-combate-y-a-soldados-heridos-1-150x100.jpg 150w\" sizes=\"(max-width: 660px) 100vw, 660px\" \/><\/a>\n\t\t\t<\/div><\/figure><figure class='gallery-item'>\n\t\t\t<div class='gallery-icon landscape'>\n\t\t\t\t<a href='https:\/\/archive.sana.sy\/es\/wp-content\/uploads\/2024\/04\/Con-motivo-de-Eid-al-Fitr-Ministro-de-Defensa-visita-a-formaciones-en-posiciones-de-combate-y-a-soldados-heridos-7.jpg'><img loading=\"lazy\" decoding=\"async\" width=\"660\" height=\"440\" src=\"https:\/\/archive.sana.sy\/es\/wp-content\/uploads\/2024\/04\/Con-motivo-de-Eid-al-Fitr-Ministro-de-Defensa-visita-a-formaciones-en-posiciones-de-combate-y-a-soldados-heridos-7.jpg\" class=\"attachment-full size-full\" alt=\"\" srcset=\"https:\/\/archive.sana.sy\/es\/wp-content\/uploads\/2024\/04\/Con-motivo-de-Eid-al-Fitr-Ministro-de-Defensa-visita-a-formaciones-en-posiciones-de-combate-y-a-soldados-heridos-7.jpg 660w, https:\/\/archive.sana.sy\/es\/wp-content\/uploads\/2024\/04\/Con-motivo-de-Eid-al-Fitr-Ministro-de-Defensa-visita-a-formaciones-en-posiciones-de-combate-y-a-soldados-heridos-7-300x200.jpg 300w, https:\/\/archive.sana.sy\/es\/wp-content\/uploads\/2024\/04\/Con-motivo-de-Eid-al-Fitr-Ministro-de-Defensa-visita-a-formaciones-en-posiciones-de-combate-y-a-soldados-heridos-7-150x100.jpg 150w\" sizes=\"(max-width: 660px) 100vw, 660px\" \/><\/a>\n\t\t\t<\/div><\/figure><figure class='gallery-item'>\n\t\t\t<div class='gallery-icon landscape'>\n\t\t\t\t<a href='https:\/\/archive.sana.sy\/es\/wp-content\/uploads\/2024\/04\/Con-motivo-de-Eid-al-Fitr-Ministro-de-Defensa-visita-a-formaciones-en-posiciones-de-combate-y-a-soldados-heridos-4.jpg'><img loading=\"lazy\" decoding=\"async\" width=\"660\" height=\"440\" src=\"https:\/\/archive.sana.sy\/es\/wp-content\/uploads\/2024\/04\/Con-motivo-de-Eid-al-Fitr-Ministro-de-Defensa-visita-a-formaciones-en-posiciones-de-combate-y-a-soldados-heridos-4.jpg\" class=\"attachment-full size-full\" alt=\"\" srcset=\"https:\/\/archive.sana.sy\/es\/wp-content\/uploads\/2024\/04\/Con-motivo-de-Eid-al-Fitr-Ministro-de-Defensa-visita-a-formaciones-en-posiciones-de-combate-y-a-soldados-heridos-4.jpg 660w, https:\/\/archive.sana.sy\/es\/wp-content\/uploads\/2024\/04\/Con-motivo-de-Eid-al-Fitr-Ministro-de-Defensa-visita-a-formaciones-en-posiciones-de-combate-y-a-soldados-heridos-4-300x200.jpg 300w, https:\/\/archive.sana.sy\/es\/wp-content\/uploads\/2024\/04\/Con-motivo-de-Eid-al-Fitr-Ministro-de-Defensa-visita-a-formaciones-en-posiciones-de-combate-y-a-soldados-heridos-4-150x100.jpg 150w\" sizes=\"(max-width: 660px) 100vw, 660px\" \/><\/a>\n\t\t\t<\/div><\/figure><figure class='gallery-item'>\n\t\t\t<div class='gallery-icon landscape'>\n\t\t\t\t<a href='https:\/\/archive.sana.sy\/es\/wp-content\/uploads\/2024\/04\/Con-motivo-de-Eid-al-Fitr-Ministro-de-Defensa-visita-a-formaciones-en-posiciones-de-combate-y-a-soldados-heridos-3.jpg'><img loading=\"lazy\" decoding=\"async\" width=\"660\" height=\"440\" src=\"https:\/\/archive.sana.sy\/es\/wp-content\/uploads\/2024\/04\/Con-motivo-de-Eid-al-Fitr-Ministro-de-Defensa-visita-a-formaciones-en-posiciones-de-combate-y-a-soldados-heridos-3.jpg\" class=\"attachment-full size-full\" alt=\"\" srcset=\"https:\/\/archive.sana.sy\/es\/wp-content\/uploads\/2024\/04\/Con-motivo-de-Eid-al-Fitr-Ministro-de-Defensa-visita-a-formaciones-en-posiciones-de-combate-y-a-soldados-heridos-3.jpg 660w, https:\/\/archive.sana.sy\/es\/wp-content\/uploads\/2024\/04\/Con-motivo-de-Eid-al-Fitr-Ministro-de-Defensa-visita-a-formaciones-en-posiciones-de-combate-y-a-soldados-heridos-3-300x200.jpg 300w, https:\/\/archive.sana.sy\/es\/wp-content\/uploads\/2024\/04\/Con-motivo-de-Eid-al-Fitr-Ministro-de-Defensa-visita-a-formaciones-en-posiciones-de-combate-y-a-soldados-heridos-3-150x100.jpg 150w\" sizes=\"(max-width: 660px) 100vw, 660px\" \/><\/a>\n\t\t\t<\/div><\/figure><figure class='gallery-item'>\n\t\t\t<div class='gallery-icon landscape'>\n\t\t\t\t<a href='https:\/\/archive.sana.sy\/es\/wp-content\/uploads\/2024\/04\/Con-motivo-de-Eid-al-Fitr-Ministro-de-Defensa-visita-a-formaciones-en-posiciones-de-combate-y-a-soldados-heridos-6.jpg'><img loading=\"lazy\" decoding=\"async\" width=\"660\" height=\"440\" src=\"https:\/\/archive.sana.sy\/es\/wp-content\/uploads\/2024\/04\/Con-motivo-de-Eid-al-Fitr-Ministro-de-Defensa-visita-a-formaciones-en-posiciones-de-combate-y-a-soldados-heridos-6.jpg\" class=\"attachment-full size-full\" alt=\"\" srcset=\"https:\/\/archive.sana.sy\/es\/wp-content\/uploads\/2024\/04\/Con-motivo-de-Eid-al-Fitr-Ministro-de-Defensa-visita-a-formaciones-en-posiciones-de-combate-y-a-soldados-heridos-6.jpg 660w, https:\/\/archive.sana.sy\/es\/wp-content\/uploads\/2024\/04\/Con-motivo-de-Eid-al-Fitr-Ministro-de-Defensa-visita-a-formaciones-en-posiciones-de-combate-y-a-soldados-heridos-6-300x200.jpg 300w, https:\/\/archive.sana.sy\/es\/wp-content\/uploads\/2024\/04\/Con-motivo-de-Eid-al-Fitr-Ministro-de-Defensa-visita-a-formaciones-en-posiciones-de-combate-y-a-soldados-heridos-6-150x100.jpg 150w\" sizes=\"(max-width: 660px) 100vw, 660px\" \/><\/a>\n\t\t\t<\/div><\/figure><figure class='gallery-item'>\n\t\t\t<div class='gallery-icon landscape'>\n\t\t\t\t<a href='https:\/\/archive.sana.sy\/es\/wp-content\/uploads\/2024\/04\/Con-motivo-de-Eid-al-Fitr-Ministro-de-Defensa-visita-a-formaciones-en-posiciones-de-combate-y-a-soldados-heridos-5.jpg'><img loading=\"lazy\" decoding=\"async\" width=\"660\" height=\"440\" src=\"https:\/\/archive.sana.sy\/es\/wp-content\/uploads\/2024\/04\/Con-motivo-de-Eid-al-Fitr-Ministro-de-Defensa-visita-a-formaciones-en-posiciones-de-combate-y-a-soldados-heridos-5.jpg\" class=\"attachment-full size-full\" alt=\"\" srcset=\"https:\/\/archive.sana.sy\/es\/wp-content\/uploads\/2024\/04\/Con-motivo-de-Eid-al-Fitr-Ministro-de-Defensa-visita-a-formaciones-en-posiciones-de-combate-y-a-soldados-heridos-5.jpg 660w, https:\/\/archive.sana.sy\/es\/wp-content\/uploads\/2024\/04\/Con-motivo-de-Eid-al-Fitr-Ministro-de-Defensa-visita-a-formaciones-en-posiciones-de-combate-y-a-soldados-heridos-5-300x200.jpg 300w, https:\/\/archive.sana.sy\/es\/wp-content\/uploads\/2024\/04\/Con-motivo-de-Eid-al-Fitr-Ministro-de-Defensa-visita-a-formaciones-en-posiciones-de-combate-y-a-soldados-heridos-5-150x100.jpg 150w\" sizes=\"(max-width: 660px) 100vw, 660px\" \/><\/a>\n\t\t\t<\/div><\/figure>\n\t\t<\/div>\n\n<p style=\"text-align: justify\">la<\/p>\n","protected":false},"excerpt":{"rendered":"<p>Damasco, 10 abr (SANA) Atendiendo orientaciones del presidente Bashar Al-Assad, el teniente general Ali Mahmoud Abbas, comandante en jefe adjunto del Ej\u00e9rcito y Fuerzas Armadas y ministro de Defensa, realiz\u00f3 una visita a varias formaciones del ejercito que operan en la regi\u00f3n costera. El alto militar sirio se reuni\u00f3 con los l\u00edderes de las formaciones &hellip;<\/p>\n","protected":false},"author":24,"featured_media":326764,"comment_status":"closed","ping_status":"closed","sticky":false,"template":"","format":"standard","meta":{"footnotes":""},"categories":[477,597,20724,476,583],"tags":[],"class_list":["post-326763","post","type-post","status-publish","format-standard","has-post-thumbnail","","category-noticias-edulcorantes","category-cinta-de-noticias","category-minuto-a-minuto","category-locales","category-slide"],"_links":{"self":[{"href":"https:\/\/archive.sana.sy\/es\/index.php?rest_route=\/wp\/v2\/posts\/326763"}],"collection":[{"href":"https:\/\/archive.sana.sy\/es\/index.php?rest_route=\/wp\/v2\/posts"}],"about":[{"href":"https:\/\/archive.sana.sy\/es\/index.php?rest_route=\/wp\/v2\/types\/post"}],"author":[{"embeddable":true,"href":"https:\/\/archive.sana.sy\/es\/index.php?rest_route=\/wp\/v2\/users\/24"}],"replies":[{"embeddable":true,"href":"https:\/\/archive.sana.sy\/es\/index.php?rest_route=%2Fwp%2Fv2%2Fcomments&post=326763"}],"version-history":[{"count":4,"href":"https:\/\/archive.sana.sy\/es\/index.php?rest_route=\/wp\/v2\/posts\/326763\/revisions"}],"predecessor-version":[{"id":326778,"href":"https:\/\/archive.sana.sy\/es\/index.php?rest_route=\/wp\/v2\/posts\/326763\/revisions\/326778"}],"wp:featuredmedia":[{"embeddable":true,"href":"https:\/\/archive.sana.sy\/es\/index.php?rest_route=\/wp\/v2\/media\/326764"}],"wp:attachment":[{"href":"https:\/\/archive.sana.sy\/es\/index.php?rest_route=%2Fwp%2Fv2%2Fmedia&parent=326763"}],"wp:term":[{"taxonomy":"category","embeddable":true,"href":"https:\/\/archive.sana.sy\/es\/index.php?rest_route=%2Fwp%2Fv2%2Fcategories&post=326763"},{"taxonomy":"post_tag","embeddable":true,"href":"https:\/\/archive.sana.sy\/es\/index.php?rest_route=%2Fwp%2Fv2%2Ftags&post=326763"}],"curies":[{"name":"wp","href":"https:\/\/api.w.org\/{rel}","templated":true}]}}