{"id":326779,"date":"2024-04-10T19:45:41","date_gmt":"2024-04-10T16:45:41","guid":{"rendered":"https:\/\/sana.sy\/es\/?p=326779"},"modified":"2024-04-10T19:50:55","modified_gmt":"2024-04-10T16:50:55","slug":"rusia-incluye-en-su-lista-negra-a-funcionarios-britanicos-y-empleados-de-companias-que-brindan-servicios-ciberneticos-a-ucrania","status":"publish","type":"post","link":"https:\/\/archive.sana.sy\/es\/?p=326779","title":{"rendered":"Rusia incluye en su lista negra a funcionarios, y compa\u00f1\u00edas de Reino Unido que brindan servicios cibern\u00e9ticos a Ucrania"},"content":{"rendered":"<p style=\"text-align: justify\"><span style=\"color: #800000\"><strong>Mosc\u00fa, 10 abr (SANA)<\/strong> <\/span>El Ministerio de Relaciones Exteriores de Rusia anunci\u00f3 la inclusi\u00f3n de 22 funcionarios del gobierno de Reino Unido, adem\u00e1s de miembros del sector de la tecnolog\u00eda de informaci\u00f3n y del mercado de servicios legales, en su lista negra como medida de represalia.<\/p>\n<p style=\"text-align: justify\">Seg\u00fan un comunicado emitido hoy por la Canciller\u00eda rusa, esta decisi\u00f3n se tom\u00f3 en respuesta a \u201cacciones hostiles por parte del Reino Unido\u201d, que contin\u00faa con &#8220;una pol\u00edtica anti-rusa, utilizando sanciones y campa\u00f1as de informaci\u00f3n subversivas y propaganda\u201d.<\/p>\n<p style=\"text-align: justify\">Entre los incluidos en la lista negra se encuentran empleados de compa\u00f1\u00edas brit\u00e1nicas como Micro Focus que ofrecen servicios de software y protecci\u00f3n cibern\u00e9tica a las fuerzas ucranianas para ataques contra tropas e infraestructura rusas.<\/p>\n<p style=\"text-align: justify\">El comunicado tambi\u00e9n destaca que la pol\u00edtica del Reino Unido de apoyo a los neonazis ucraniano est\u00e1 destinada al fracaso y solo prolongar\u00e1 el conflicto, con consecuencias negativas para la poblaci\u00f3n civil.<\/p>\n<p style=\"text-align: justify\">la<\/p>\n","protected":false},"excerpt":{"rendered":"<p>Mosc\u00fa, 10 abr (SANA) El Ministerio de Relaciones Exteriores de Rusia anunci\u00f3 la inclusi\u00f3n de 22 funcionarios del gobierno de Reino Unido, adem\u00e1s de miembros del sector de la tecnolog\u00eda de informaci\u00f3n y del mercado de servicios legales, en su lista negra como medida de represalia. Seg\u00fan un comunicado emitido hoy por la Canciller\u00eda rusa, &hellip;<\/p>\n","protected":false},"author":24,"featured_media":326780,"comment_status":"closed","ping_status":"closed","sticky":false,"template":"","format":"standard","meta":{"footnotes":""},"categories":[597,456,16687,20724,7541],"tags":[],"class_list":["post-326779","post","type-post","status-publish","format-standard","has-post-thumbnail","","category-cinta-de-noticias","category-arabe-internacional-politica","category-internacionales","category-minuto-a-minuto","category-ultimas-noticias"],"_links":{"self":[{"href":"https:\/\/archive.sana.sy\/es\/index.php?rest_route=\/wp\/v2\/posts\/326779"}],"collection":[{"href":"https:\/\/archive.sana.sy\/es\/index.php?rest_route=\/wp\/v2\/posts"}],"about":[{"href":"https:\/\/archive.sana.sy\/es\/index.php?rest_route=\/wp\/v2\/types\/post"}],"author":[{"embeddable":true,"href":"https:\/\/archive.sana.sy\/es\/index.php?rest_route=\/wp\/v2\/users\/24"}],"replies":[{"embeddable":true,"href":"https:\/\/archive.sana.sy\/es\/index.php?rest_route=%2Fwp%2Fv2%2Fcomments&post=326779"}],"version-history":[{"count":7,"href":"https:\/\/archive.sana.sy\/es\/index.php?rest_route=\/wp\/v2\/posts\/326779\/revisions"}],"predecessor-version":[{"id":326787,"href":"https:\/\/archive.sana.sy\/es\/index.php?rest_route=\/wp\/v2\/posts\/326779\/revisions\/326787"}],"wp:featuredmedia":[{"embeddable":true,"href":"https:\/\/archive.sana.sy\/es\/index.php?rest_route=\/wp\/v2\/media\/326780"}],"wp:attachment":[{"href":"https:\/\/archive.sana.sy\/es\/index.php?rest_route=%2Fwp%2Fv2%2Fmedia&parent=326779"}],"wp:term":[{"taxonomy":"category","embeddable":true,"href":"https:\/\/archive.sana.sy\/es\/index.php?rest_route=%2Fwp%2Fv2%2Fcategories&post=326779"},{"taxonomy":"post_tag","embeddable":true,"href":"https:\/\/archive.sana.sy\/es\/index.php?rest_route=%2Fwp%2Fv2%2Ftags&post=326779"}],"curies":[{"name":"wp","href":"https:\/\/api.w.org\/{rel}","templated":true}]}}