{"id":326861,"date":"2024-04-12T14:54:09","date_gmt":"2024-04-12T11:54:09","guid":{"rendered":"https:\/\/sana.sy\/es\/?p=326861"},"modified":"2024-04-12T14:54:09","modified_gmt":"2024-04-12T11:54:09","slug":"27-miembros-del-personal-de-la-media-luna-roja-palestina-fueron-asesinados-por-israel-en-gaza","status":"publish","type":"post","link":"https:\/\/archive.sana.sy\/es\/?p=326861","title":{"rendered":"27 miembros del personal de la Media Luna Roja Palestina fueron asesinados por Israel en Gaza"},"content":{"rendered":"<p style=\"text-align: justify;\"><span style=\"color: #800000;\"><strong>Jerusal\u00e9n ocupada, 12 abr (SANA)\u00a0<\/strong> <\/span>\u00a0La Media Luna Roja Palestina (MLRP) confirm\u00f3 hoy la muerte de uno de los miembros de su personal, que fue herido gravemente por disparos israel\u00edes durante el proceso de evacuaci\u00f3n del hospital Al-Amal, en Jan Yunis.<\/p>\n<p style=\"text-align: justify;\">En un comunicado, la asociaci\u00f3n detall\u00f3 que el param\u00e9dico Muhammad Abdel-Latif Abu Saeed result\u00f3 herido el 24 de marzo, durante la evacuaci\u00f3n del hospital Al-Amal, afiliado a la Sociedad de la Media Luna Roja Palestina, y falleci\u00f3 hoy a causa de sus heridas.<\/p>\n<p style=\"text-align: justify;\">La MLRP inform\u00f3 que el n\u00famero de muertos entre su personal aument\u00f3 a 27 desde el inicio de la agresi\u00f3n israel\u00ed a Gaza el d\u00eda 7 de octubre pasado, y precis\u00f3 que 17 de ellos murieron mientras cumpl\u00edan su deber humanitario.<\/p>\n<p style=\"text-align: justify;\">Anteriormente, el Comit\u00e9 Internacional de la Cruz Roja llam\u00f3 a tomar todas las medidas para proteger al personal m\u00e9dico y a los civiles dentro de los hospitales, y evitar que resulten heridos.<\/p>\n<p style=\"text-align: justify;\">fm<\/p>\n","protected":false},"excerpt":{"rendered":"<p>Jerusal\u00e9n ocupada, 12 abr (SANA)\u00a0 \u00a0La Media Luna Roja Palestina (MLRP) confirm\u00f3 hoy la muerte de uno de los miembros de su personal, que fue herido gravemente por disparos israel\u00edes durante el proceso de evacuaci\u00f3n del hospital Al-Amal, en Jan Yunis. En un comunicado, la asociaci\u00f3n detall\u00f3 que el param\u00e9dico Muhammad Abdel-Latif Abu Saeed result\u00f3 &hellip;<\/p>\n","protected":false},"author":34,"featured_media":326862,"comment_status":"closed","ping_status":"closed","sticky":false,"template":"","format":"standard","meta":{"footnotes":""},"categories":[597,456,20724,7541],"tags":[],"class_list":["post-326861","post","type-post","status-publish","format-standard","has-post-thumbnail","","category-cinta-de-noticias","category-arabe-internacional-politica","category-minuto-a-minuto","category-ultimas-noticias"],"_links":{"self":[{"href":"https:\/\/archive.sana.sy\/es\/index.php?rest_route=\/wp\/v2\/posts\/326861"}],"collection":[{"href":"https:\/\/archive.sana.sy\/es\/index.php?rest_route=\/wp\/v2\/posts"}],"about":[{"href":"https:\/\/archive.sana.sy\/es\/index.php?rest_route=\/wp\/v2\/types\/post"}],"author":[{"embeddable":true,"href":"https:\/\/archive.sana.sy\/es\/index.php?rest_route=\/wp\/v2\/users\/34"}],"replies":[{"embeddable":true,"href":"https:\/\/archive.sana.sy\/es\/index.php?rest_route=%2Fwp%2Fv2%2Fcomments&post=326861"}],"version-history":[{"count":1,"href":"https:\/\/archive.sana.sy\/es\/index.php?rest_route=\/wp\/v2\/posts\/326861\/revisions"}],"predecessor-version":[{"id":326863,"href":"https:\/\/archive.sana.sy\/es\/index.php?rest_route=\/wp\/v2\/posts\/326861\/revisions\/326863"}],"wp:featuredmedia":[{"embeddable":true,"href":"https:\/\/archive.sana.sy\/es\/index.php?rest_route=\/wp\/v2\/media\/326862"}],"wp:attachment":[{"href":"https:\/\/archive.sana.sy\/es\/index.php?rest_route=%2Fwp%2Fv2%2Fmedia&parent=326861"}],"wp:term":[{"taxonomy":"category","embeddable":true,"href":"https:\/\/archive.sana.sy\/es\/index.php?rest_route=%2Fwp%2Fv2%2Fcategories&post=326861"},{"taxonomy":"post_tag","embeddable":true,"href":"https:\/\/archive.sana.sy\/es\/index.php?rest_route=%2Fwp%2Fv2%2Ftags&post=326861"}],"curies":[{"name":"wp","href":"https:\/\/api.w.org\/{rel}","templated":true}]}}