{"id":326927,"date":"2024-04-13T16:57:16","date_gmt":"2024-04-13T13:57:16","guid":{"rendered":"https:\/\/sana.sy\/es\/?p=326927"},"modified":"2024-04-13T16:57:16","modified_gmt":"2024-04-13T13:57:16","slug":"el-minuto-a-minuto-de-dia-190-de-la-agresion-israeli-contra-gaza","status":"publish","type":"post","link":"https:\/\/archive.sana.sy\/es\/?p=326927","title":{"rendered":"El minuto a minuto de d\u00eda 190 de la agresi\u00f3n israel\u00ed contra Gaza"},"content":{"rendered":"<p style=\"text-align: justify;\"><span style=\"color: #800000;\"><strong>Jerusal\u00e9n ocupada, 13 abr (SANA)<\/strong>\u00a0 \u00a0<\/span>Los acontecimientos m\u00e1s destacados del d\u00eda 190 de la guerra genocida lanzada por \u201cIsrael\u201d contra la Franja de Gaza:<\/p>\n<p style=\"text-align: justify;\">????????\u00a033.686 muertos durante 190 d\u00edas de agresi\u00f3n contra Gaza.<\/p>\n<p style=\"text-align: justify;\">????????\u00a0Ministerio de Salud palestino reporta 76.309 heridos palestinos durante la guerra genocida israel\u00ed contra Gaza.<\/p>\n<p style=\"text-align: justify;\">????????\u00a0Durante las \u00faltimas 24 horas, el ocupante israel\u00ed cometi\u00f3 5 masacres dejando 52 muertos y 95 heridos.<\/p>\n<p style=\"text-align: justify;\">????????\u00a0La resistencia palestina controla un dron \u201cSkylark\u201d israel\u00ed \u00a0en Jan Yunis, al sur de la Franja de Gaza.<\/p>\n<p style=\"text-align: justify;\">????????\u00a0Un palestino fue asesinado por los colonos israel\u00edes en la aldea de Al-Mughair, al noreste de Ramallah en Cisjordania.<\/p>\n<p style=\"text-align: justify;\">????????\u00a0La resistencia libanesa lanza ataque masivo con drones kamikazes \u00a0contra un edificio convertido por el ej\u00e9rcito en cuartel general en el norte de Palestina ocupada.<\/p>\n<p style=\"text-align: justify;\">????????\u00a0La resistencia libanesa atac\u00f3 con cohetes y proyectiles de artiller\u00eda una concentraci\u00f3n de soldados israel\u00edes en la zona de Horsh Hanita.<\/p>\n<p style=\"text-align: justify;\">fm<\/p>\n","protected":false},"excerpt":{"rendered":"<p>Jerusal\u00e9n ocupada, 13 abr (SANA)\u00a0 \u00a0Los acontecimientos m\u00e1s destacados del d\u00eda 190 de la guerra genocida lanzada por \u201cIsrael\u201d contra la Franja de Gaza: ????????\u00a033.686 muertos durante 190 d\u00edas de agresi\u00f3n contra Gaza. ????????\u00a0Ministerio de Salud palestino reporta 76.309 heridos palestinos durante la guerra genocida israel\u00ed contra Gaza. ????????\u00a0Durante las \u00faltimas 24 horas, el ocupante &hellip;<\/p>\n","protected":false},"author":34,"featured_media":326928,"comment_status":"closed","ping_status":"closed","sticky":false,"template":"","format":"standard","meta":{"footnotes":""},"categories":[597,456,20724,583],"tags":[],"class_list":["post-326927","post","type-post","status-publish","format-standard","has-post-thumbnail","","category-cinta-de-noticias","category-arabe-internacional-politica","category-minuto-a-minuto","category-slide"],"_links":{"self":[{"href":"https:\/\/archive.sana.sy\/es\/index.php?rest_route=\/wp\/v2\/posts\/326927"}],"collection":[{"href":"https:\/\/archive.sana.sy\/es\/index.php?rest_route=\/wp\/v2\/posts"}],"about":[{"href":"https:\/\/archive.sana.sy\/es\/index.php?rest_route=\/wp\/v2\/types\/post"}],"author":[{"embeddable":true,"href":"https:\/\/archive.sana.sy\/es\/index.php?rest_route=\/wp\/v2\/users\/34"}],"replies":[{"embeddable":true,"href":"https:\/\/archive.sana.sy\/es\/index.php?rest_route=%2Fwp%2Fv2%2Fcomments&post=326927"}],"version-history":[{"count":1,"href":"https:\/\/archive.sana.sy\/es\/index.php?rest_route=\/wp\/v2\/posts\/326927\/revisions"}],"predecessor-version":[{"id":326929,"href":"https:\/\/archive.sana.sy\/es\/index.php?rest_route=\/wp\/v2\/posts\/326927\/revisions\/326929"}],"wp:featuredmedia":[{"embeddable":true,"href":"https:\/\/archive.sana.sy\/es\/index.php?rest_route=\/wp\/v2\/media\/326928"}],"wp:attachment":[{"href":"https:\/\/archive.sana.sy\/es\/index.php?rest_route=%2Fwp%2Fv2%2Fmedia&parent=326927"}],"wp:term":[{"taxonomy":"category","embeddable":true,"href":"https:\/\/archive.sana.sy\/es\/index.php?rest_route=%2Fwp%2Fv2%2Fcategories&post=326927"},{"taxonomy":"post_tag","embeddable":true,"href":"https:\/\/archive.sana.sy\/es\/index.php?rest_route=%2Fwp%2Fv2%2Ftags&post=326927"}],"curies":[{"name":"wp","href":"https:\/\/api.w.org\/{rel}","templated":true}]}}