{"id":326934,"date":"2024-04-14T06:56:25","date_gmt":"2024-04-14T03:56:25","guid":{"rendered":"https:\/\/sana.sy\/es\/?p=326934"},"modified":"2024-04-14T19:56:27","modified_gmt":"2024-04-14T16:56:27","slug":"masivo-ataque-irani-con-misiles-y-drones-contra-posiciones-israelies-en-palestina-ocupada","status":"publish","type":"post","link":"https:\/\/archive.sana.sy\/es\/?p=326934","title":{"rendered":"Masivo ataque iran\u00ed con misiles y drones a posiciones israel\u00edes en Palestina ocupada"},"content":{"rendered":"<p style=\"text-align: justify;\"><span style=\"color: #800000;\"><strong>Teher\u00e1n &#8211; Jerusal\u00e9n ocupada, 14 abr (SANA)\u00a0<\/strong><\/span> La Guardia Revolucionaria de Ir\u00e1n atac\u00f3 con misiles y drones a sitios israel\u00edes en Palestina ocupada.<\/p>\n<p style=\"text-align: justify;\">La Comandancia del Cuerpo de la Guardia Revolucionaria Isl\u00e1mica en Ir\u00e1n inform\u00f3 en un comunicado, que \u201cen respuesta a los numerosos cr\u00edmenes sionistas, incluido el ataque al consulado iran\u00ed en Damasco y la muerte de un grupo de comandantes y asesores militares en Siria, la Fuerza A\u00e9rea de la Guardia Revolucionaria iran\u00ed lanz\u00f3 decenas de misiles y drones contra objetivos espec\u00edficos dentro del territorio ocupado.<\/p>\n<p style=\"text-align: justify;\">Indic\u00f3 que la operaci\u00f3n se llev\u00f3 a cabo con la aprobaci\u00f3n del Consejo Supremo de Seguridad Nacional de Ir\u00e1n, bajo la supervisi\u00f3n del Estado Mayor de las Fuerzas Armadas, y con el apoyo del Ministerio de Defensa y las Fuerzas Armadas.<\/p>\n<p style=\"text-align: justify;\">A su vez, la Misi\u00f3n Permanente de Ir\u00e1n ante las Naciones Unidas inform\u00f3 que \u201csi Israel comete otro error, la respuesta de Ir\u00e1n ser\u00e1 m\u00e1s severa, y este conflicto es con la entidad sionista rebelde y Estados Unidos debe mantenerse\u201d.<\/p>\n<p style=\"text-align: justify;\">Aclar\u00f3 que la acci\u00f3n militar iran\u00ed se bas\u00f3 en el Art\u00edculo 51 de la Carta de las Naciones Unidas relativo a la leg\u00edtima defensa en respuesta a la agresi\u00f3n del r\u00e9gimen israel\u00ed contra nuestra sede diplom\u00e1tica en Damasco.<\/p>\n<p style=\"text-align: justify;\">fm<\/p>\n","protected":false},"excerpt":{"rendered":"<p>Teher\u00e1n &#8211; Jerusal\u00e9n ocupada, 14 abr (SANA)\u00a0 La Guardia Revolucionaria de Ir\u00e1n atac\u00f3 con misiles y drones a sitios israel\u00edes en Palestina ocupada. La Comandancia del Cuerpo de la Guardia Revolucionaria Isl\u00e1mica en Ir\u00e1n inform\u00f3 en un comunicado, que \u201cen respuesta a los numerosos cr\u00edmenes sionistas, incluido el ataque al consulado iran\u00ed en Damasco y &hellip;<\/p>\n","protected":false},"author":34,"featured_media":326935,"comment_status":"closed","ping_status":"closed","sticky":false,"template":"","format":"standard","meta":{"footnotes":""},"categories":[597,456,20724,7541],"tags":[],"class_list":["post-326934","post","type-post","status-publish","format-standard","has-post-thumbnail","","category-cinta-de-noticias","category-arabe-internacional-politica","category-minuto-a-minuto","category-ultimas-noticias"],"_links":{"self":[{"href":"https:\/\/archive.sana.sy\/es\/index.php?rest_route=\/wp\/v2\/posts\/326934"}],"collection":[{"href":"https:\/\/archive.sana.sy\/es\/index.php?rest_route=\/wp\/v2\/posts"}],"about":[{"href":"https:\/\/archive.sana.sy\/es\/index.php?rest_route=\/wp\/v2\/types\/post"}],"author":[{"embeddable":true,"href":"https:\/\/archive.sana.sy\/es\/index.php?rest_route=\/wp\/v2\/users\/34"}],"replies":[{"embeddable":true,"href":"https:\/\/archive.sana.sy\/es\/index.php?rest_route=%2Fwp%2Fv2%2Fcomments&post=326934"}],"version-history":[{"count":2,"href":"https:\/\/archive.sana.sy\/es\/index.php?rest_route=\/wp\/v2\/posts\/326934\/revisions"}],"predecessor-version":[{"id":326937,"href":"https:\/\/archive.sana.sy\/es\/index.php?rest_route=\/wp\/v2\/posts\/326934\/revisions\/326937"}],"wp:featuredmedia":[{"embeddable":true,"href":"https:\/\/archive.sana.sy\/es\/index.php?rest_route=\/wp\/v2\/media\/326935"}],"wp:attachment":[{"href":"https:\/\/archive.sana.sy\/es\/index.php?rest_route=%2Fwp%2Fv2%2Fmedia&parent=326934"}],"wp:term":[{"taxonomy":"category","embeddable":true,"href":"https:\/\/archive.sana.sy\/es\/index.php?rest_route=%2Fwp%2Fv2%2Fcategories&post=326934"},{"taxonomy":"post_tag","embeddable":true,"href":"https:\/\/archive.sana.sy\/es\/index.php?rest_route=%2Fwp%2Fv2%2Ftags&post=326934"}],"curies":[{"name":"wp","href":"https:\/\/api.w.org\/{rel}","templated":true}]}}