{"id":326958,"date":"2024-04-14T14:02:48","date_gmt":"2024-04-14T11:02:48","guid":{"rendered":"https:\/\/sana.sy\/es\/?p=326958"},"modified":"2024-04-14T14:02:48","modified_gmt":"2024-04-14T11:02:48","slug":"decenas-de-palestinos-entre-muertos-y-heridos-en-el-dia-191-de-la-agresion-israeli-contra-gaza","status":"publish","type":"post","link":"https:\/\/archive.sana.sy\/es\/?p=326958","title":{"rendered":"Decenas de palestinos entre muertos y heridos en el d\u00eda 191 de la agresi\u00f3n israel\u00ed contra Gaza"},"content":{"rendered":"<p style=\"text-align: justify;\"><span style=\"color: #800000;\"><strong>Jerusal\u00e9n ocupada, 14 abr (SANA)<\/strong><\/span>\u00a0 \u00a0El ej\u00e9rcito israel\u00ed sigue cometiendo cr\u00edmenes de genocidio en la Franja de Gaza, y durante el d\u00eda 191 de esta agresi\u00f3n, lanz\u00f3 decenas de ataques a\u00e9reos y con artiller\u00eda contra el enclave costero.<\/p>\n<p>Seg\u00fan informaron medios de prensa palestinos, la aviaci\u00f3n b\u00e9lica israel\u00ed bombarde\u00f3 varias viviendas en Al-Nuseirat, Al-Mughraqa y Medina Azahara, en el centro de Gaza, lo que provoc\u00f3 la muerte de diez palestinos y la lesi\u00f3n de al menos otros 20.<\/p>\n<p>Mientras tanto, los buques de guerra israel\u00edes atacaron viviendas palestinas al oeste de la ciudad de Deir al-Balah y al oeste de la ciudad de Jan Yunis, mientras que las zonas de Bani al-Suhila, Abasan y al-Zana fueron blancos de bombardeos de artiller\u00eda, lo que caus\u00f3 la lesi\u00f3n de varios palestinos.<\/p>\n<p>El n\u00famero de v\u00edctimas de la actual agresi\u00f3n israel\u00ed contra Gaza desde el 7 de octubre pasado ascendi\u00f3 a 33 mil 686 muertos y 76 mil 309 heridos.<\/p>\n<p><strong>ws\/fm<\/strong><\/p>\n","protected":false},"excerpt":{"rendered":"<p>Jerusal\u00e9n ocupada, 14 abr (SANA)\u00a0 \u00a0El ej\u00e9rcito israel\u00ed sigue cometiendo cr\u00edmenes de genocidio en la Franja de Gaza, y durante el d\u00eda 191 de esta agresi\u00f3n, lanz\u00f3 decenas de ataques a\u00e9reos y con artiller\u00eda contra el enclave costero. Seg\u00fan informaron medios de prensa palestinos, la aviaci\u00f3n b\u00e9lica israel\u00ed bombarde\u00f3 varias viviendas en Al-Nuseirat, Al-Mughraqa y &hellip;<\/p>\n","protected":false},"author":35,"featured_media":326959,"comment_status":"closed","ping_status":"closed","sticky":false,"template":"","format":"standard","meta":{"footnotes":""},"categories":[597,456,16687,20724,7541],"tags":[],"class_list":["post-326958","post","type-post","status-publish","format-standard","has-post-thumbnail","","category-cinta-de-noticias","category-arabe-internacional-politica","category-internacionales","category-minuto-a-minuto","category-ultimas-noticias"],"_links":{"self":[{"href":"https:\/\/archive.sana.sy\/es\/index.php?rest_route=\/wp\/v2\/posts\/326958"}],"collection":[{"href":"https:\/\/archive.sana.sy\/es\/index.php?rest_route=\/wp\/v2\/posts"}],"about":[{"href":"https:\/\/archive.sana.sy\/es\/index.php?rest_route=\/wp\/v2\/types\/post"}],"author":[{"embeddable":true,"href":"https:\/\/archive.sana.sy\/es\/index.php?rest_route=\/wp\/v2\/users\/35"}],"replies":[{"embeddable":true,"href":"https:\/\/archive.sana.sy\/es\/index.php?rest_route=%2Fwp%2Fv2%2Fcomments&post=326958"}],"version-history":[{"count":1,"href":"https:\/\/archive.sana.sy\/es\/index.php?rest_route=\/wp\/v2\/posts\/326958\/revisions"}],"predecessor-version":[{"id":326960,"href":"https:\/\/archive.sana.sy\/es\/index.php?rest_route=\/wp\/v2\/posts\/326958\/revisions\/326960"}],"wp:featuredmedia":[{"embeddable":true,"href":"https:\/\/archive.sana.sy\/es\/index.php?rest_route=\/wp\/v2\/media\/326959"}],"wp:attachment":[{"href":"https:\/\/archive.sana.sy\/es\/index.php?rest_route=%2Fwp%2Fv2%2Fmedia&parent=326958"}],"wp:term":[{"taxonomy":"category","embeddable":true,"href":"https:\/\/archive.sana.sy\/es\/index.php?rest_route=%2Fwp%2Fv2%2Fcategories&post=326958"},{"taxonomy":"post_tag","embeddable":true,"href":"https:\/\/archive.sana.sy\/es\/index.php?rest_route=%2Fwp%2Fv2%2Ftags&post=326958"}],"curies":[{"name":"wp","href":"https:\/\/api.w.org\/{rel}","templated":true}]}}