{"id":326976,"date":"2024-04-14T17:38:35","date_gmt":"2024-04-14T14:38:35","guid":{"rendered":"https:\/\/sana.sy\/es\/?p=326976"},"modified":"2024-04-14T17:38:35","modified_gmt":"2024-04-14T14:38:35","slug":"siria-solidaria-con-teheran-tras-el-ataque-masivo-irani-con-drones-y-misiles-contra-israel","status":"publish","type":"post","link":"https:\/\/archive.sana.sy\/es\/?p=326976","title":{"rendered":"Siria solidaria con Teher\u00e1n tras el ataque masivo iran\u00ed con drones y misiles contra &#8220;Israel&#8221;"},"content":{"rendered":"<p style=\"text-align: justify;\"><span style=\"color: #800000;\"><strong>Damasco, 14 abr (SANA)\u00a0<\/strong><\/span> \u00a0El gobierno sirio expres\u00f3 hoy su solidaridad con la Rep\u00fablica Isl\u00e1mica de Ir\u00e1n y reiter\u00f3 su condena a la agresi\u00f3n sionista contra la sede diplom\u00e1tica iran\u00ed en Damasco.<\/p>\n<p style=\"text-align: justify;\">En un comunicado emitido hoy, el Ministerio de Asuntos Exteriores repudi\u00f3 todos los ataques sionistas a la soberan\u00eda e integridad de los territorios sirios, especialmente las instalaciones civiles sirias, incluidos los aeropuertos de Damasco y Alepo, y otras infraestructuras, que causaron la muerte de numerosos ciudadanos sirios.<\/p>\n<p style=\"text-align: justify;\">Consider\u00f3 que el fracaso del Consejo de Seguridad en cumplir su deber de mantener la paz y la seguridad regional e internacional permiti\u00f3 a &#8220;Israel&#8221; sobrepasar las l\u00edneas rojas y violar los principios b\u00e1sicos del derecho internacional.<\/p>\n<p style=\"text-align: justify;\">De acuerdo con la nota de la Canciller\u00eda, Estados Unidos y sus aliados occidentales impiden que el Consejo de Seguridad ejerza su papel en el mantenimiento de la paz y la seguridad internacionales, lo cual confirma la falta de respeto por parte de estos pa\u00edses a la Carta de las Naciones Unidas y al derecho internacional.<\/p>\n<p style=\"text-align: justify;\">fm\/rr<\/p>\n","protected":false},"excerpt":{"rendered":"<p>Damasco, 14 abr (SANA)\u00a0 \u00a0El gobierno sirio expres\u00f3 hoy su solidaridad con la Rep\u00fablica Isl\u00e1mica de Ir\u00e1n y reiter\u00f3 su condena a la agresi\u00f3n sionista contra la sede diplom\u00e1tica iran\u00ed en Damasco. En un comunicado emitido hoy, el Ministerio de Asuntos Exteriores repudi\u00f3 todos los ataques sionistas a la soberan\u00eda e integridad de los territorios &hellip;<\/p>\n","protected":false},"author":31,"featured_media":326977,"comment_status":"closed","ping_status":"closed","sticky":false,"template":"","format":"standard","meta":{"footnotes":""},"categories":[597,476,583],"tags":[11687,7161,2866,6553],"class_list":["post-326976","post","type-post","status-publish","format-standard","has-post-thumbnail","","category-cinta-de-noticias","category-locales","category-slide","tag-cancilleria","tag-damasco","tag-iran","tag-siria"],"_links":{"self":[{"href":"https:\/\/archive.sana.sy\/es\/index.php?rest_route=\/wp\/v2\/posts\/326976"}],"collection":[{"href":"https:\/\/archive.sana.sy\/es\/index.php?rest_route=\/wp\/v2\/posts"}],"about":[{"href":"https:\/\/archive.sana.sy\/es\/index.php?rest_route=\/wp\/v2\/types\/post"}],"author":[{"embeddable":true,"href":"https:\/\/archive.sana.sy\/es\/index.php?rest_route=\/wp\/v2\/users\/31"}],"replies":[{"embeddable":true,"href":"https:\/\/archive.sana.sy\/es\/index.php?rest_route=%2Fwp%2Fv2%2Fcomments&post=326976"}],"version-history":[{"count":1,"href":"https:\/\/archive.sana.sy\/es\/index.php?rest_route=\/wp\/v2\/posts\/326976\/revisions"}],"predecessor-version":[{"id":326978,"href":"https:\/\/archive.sana.sy\/es\/index.php?rest_route=\/wp\/v2\/posts\/326976\/revisions\/326978"}],"wp:featuredmedia":[{"embeddable":true,"href":"https:\/\/archive.sana.sy\/es\/index.php?rest_route=\/wp\/v2\/media\/326977"}],"wp:attachment":[{"href":"https:\/\/archive.sana.sy\/es\/index.php?rest_route=%2Fwp%2Fv2%2Fmedia&parent=326976"}],"wp:term":[{"taxonomy":"category","embeddable":true,"href":"https:\/\/archive.sana.sy\/es\/index.php?rest_route=%2Fwp%2Fv2%2Fcategories&post=326976"},{"taxonomy":"post_tag","embeddable":true,"href":"https:\/\/archive.sana.sy\/es\/index.php?rest_route=%2Fwp%2Fv2%2Ftags&post=326976"}],"curies":[{"name":"wp","href":"https:\/\/api.w.org\/{rel}","templated":true}]}}