{"id":327021,"date":"2024-04-15T14:37:41","date_gmt":"2024-04-15T11:37:41","guid":{"rendered":"https:\/\/sana.sy\/es\/?p=327021"},"modified":"2024-04-15T14:37:41","modified_gmt":"2024-04-15T11:37:41","slug":"ejercito-israeli-asesino-a-68-palestinos-durante-las-ultimas-24-horas-en-gaza","status":"publish","type":"post","link":"https:\/\/archive.sana.sy\/es\/?p=327021","title":{"rendered":"Ej\u00e9rcito israel\u00ed asesin\u00f3 a 68 palestinos durante las \u00faltimas 24 horas en Gaza"},"content":{"rendered":"<p style=\"text-align: justify;\"><span style=\"color: #800000;\"><strong>Jerusal\u00e9n ocupada, 15 abr (SANA)<\/strong> <\/span>El Ministerio de Salud palestino anunci\u00f3 hoy que durante las \u00faltimas 24 horas, el ocupante israel\u00ed cometi\u00f3 7 masacres en la Franja de Gaza, saldando en 68 muertos y 94 heridos.<\/p>\n<p style=\"text-align: justify;\">En un comunicado, el Ministerio aclar\u00f3 que el n\u00famero de v\u00edctimas durante 192 d\u00edas de guerra genocida aument\u00f3 a 33 mil 797 muertos y 76 mil 465 heridos.<\/p>\n<p style=\"text-align: justify;\">Aclar\u00f3 que los cad\u00e1veres de varios muertos todav\u00eda se encuentran bajo los escombros o en las carreteras, ya que las ambulancias y Los equipos de defensa civil no pueden llegar a los mismos.<\/p>\n<p style=\"text-align: justify;\">El Ministerio hizo un llamamiento a las instituciones pertinentes para que establecieran hospitales de campa\u00f1a en la ciudad de Gaza y su norte en un intento de proporcionar servicios de salud, aunque al m\u00ednimo, despu\u00e9s de que el hospital Al-Shifa y otros muchos quedaran completamente fuera de servicio.<\/p>\n<p style=\"text-align: justify;\">fm\/as<\/p>\n","protected":false},"excerpt":{"rendered":"<p>Jerusal\u00e9n ocupada, 15 abr (SANA) El Ministerio de Salud palestino anunci\u00f3 hoy que durante las \u00faltimas 24 horas, el ocupante israel\u00ed cometi\u00f3 7 masacres en la Franja de Gaza, saldando en 68 muertos y 94 heridos. En un comunicado, el Ministerio aclar\u00f3 que el n\u00famero de v\u00edctimas durante 192 d\u00edas de guerra genocida aument\u00f3 a &hellip;<\/p>\n","protected":false},"author":42,"featured_media":327022,"comment_status":"closed","ping_status":"closed","sticky":false,"template":"","format":"standard","meta":{"footnotes":""},"categories":[597,456,16687,20724,7541],"tags":[],"class_list":["post-327021","post","type-post","status-publish","format-standard","has-post-thumbnail","","category-cinta-de-noticias","category-arabe-internacional-politica","category-internacionales","category-minuto-a-minuto","category-ultimas-noticias"],"_links":{"self":[{"href":"https:\/\/archive.sana.sy\/es\/index.php?rest_route=\/wp\/v2\/posts\/327021"}],"collection":[{"href":"https:\/\/archive.sana.sy\/es\/index.php?rest_route=\/wp\/v2\/posts"}],"about":[{"href":"https:\/\/archive.sana.sy\/es\/index.php?rest_route=\/wp\/v2\/types\/post"}],"author":[{"embeddable":true,"href":"https:\/\/archive.sana.sy\/es\/index.php?rest_route=\/wp\/v2\/users\/42"}],"replies":[{"embeddable":true,"href":"https:\/\/archive.sana.sy\/es\/index.php?rest_route=%2Fwp%2Fv2%2Fcomments&post=327021"}],"version-history":[{"count":1,"href":"https:\/\/archive.sana.sy\/es\/index.php?rest_route=\/wp\/v2\/posts\/327021\/revisions"}],"predecessor-version":[{"id":327023,"href":"https:\/\/archive.sana.sy\/es\/index.php?rest_route=\/wp\/v2\/posts\/327021\/revisions\/327023"}],"wp:featuredmedia":[{"embeddable":true,"href":"https:\/\/archive.sana.sy\/es\/index.php?rest_route=\/wp\/v2\/media\/327022"}],"wp:attachment":[{"href":"https:\/\/archive.sana.sy\/es\/index.php?rest_route=%2Fwp%2Fv2%2Fmedia&parent=327021"}],"wp:term":[{"taxonomy":"category","embeddable":true,"href":"https:\/\/archive.sana.sy\/es\/index.php?rest_route=%2Fwp%2Fv2%2Fcategories&post=327021"},{"taxonomy":"post_tag","embeddable":true,"href":"https:\/\/archive.sana.sy\/es\/index.php?rest_route=%2Fwp%2Fv2%2Ftags&post=327021"}],"curies":[{"name":"wp","href":"https:\/\/api.w.org\/{rel}","templated":true}]}}