{"id":327037,"date":"2024-04-15T17:15:19","date_gmt":"2024-04-15T14:15:19","guid":{"rendered":"https:\/\/sana.sy\/es\/?p=327037"},"modified":"2024-04-15T17:15:19","modified_gmt":"2024-04-15T14:15:19","slug":"crean-la-union-de-escritores-arabes-del-levante-para-incrementar-coordinacion-ante-desafios-culturales-fotos","status":"publish","type":"post","link":"https:\/\/archive.sana.sy\/es\/?p=327037","title":{"rendered":"Crean la Uni\u00f3n de Escritores \u00c1rabes del Levante para incrementar coordinaci\u00f3n ante desaf\u00edos culturales (+fotos)"},"content":{"rendered":"<p style=\"text-align: justify;\"><span style=\"color: #800000;\"><strong>Damasco, 15 abr (\u064dSANA)<\/strong><\/span>\u00a0 La Uni\u00f3n de Escritores \u00c1rabes del Levante fue creada en esta capital, como nueva entidad cultural que busca fortalecer la cooperaci\u00f3n para enfrentar los actuales desaf\u00edos en la esfera de la cultura.<\/p>\n<p style=\"text-align: justify;\">El anuncio se produjo durante una reuni\u00f3n celebrada en la sede de la Uni\u00f3n de Escritores \u00c1rabes en Damasco, en presencia de representantes de Siria, Iraq, L\u00edbano, Jordania y el Estado de Palestina.<\/p>\n<p style=\"text-align: justify;\">En su primera declaraci\u00f3n, la Uni\u00f3n explic\u00f3 que su labor se centrar\u00e1 en fortalecer la identidad y pertenencia cultural, y enfrentar la normalizaci\u00f3n con Israel, adem\u00e1s de consolidar la presencia de la cuesti\u00f3n palestina en los campos de la cultura, literatura y artes.<\/p>\n<p style=\"text-align: justify;\">Entre otras tareas, est\u00e1 tambi\u00e9n la coordinaci\u00f3n con asociaciones y pa\u00edses amigos para enfrentar la ocupaci\u00f3n y desvelar sus pr\u00e1cticas contra el pueblo palestino, adem\u00e1s de consolidar la cultura de resistencia contra el ocupante sionista y el terrorismo en la literatura y las artes.<\/p>\n<p style=\"text-align: justify;\">Una de las prioridades de la Uni\u00f3n es apoyar el restablecimiento de los derechos nacionales inalienables del pueblo \u00e1rabe palestino y su derecho a la autodeterminaci\u00f3n y a construir su Estado independiente en todo su territorio, y reforzar su presencia en los medios sociales y en los \u00e1mbitos educativo, docente, programas medi\u00e1ticos y culturales, como teatro, cine y arte, asegur\u00f3 el comunicado.<\/p>\n<div id='gallery-1' class='gallery galleryid-327037 gallery-columns-1 gallery-size-full'><figure class='gallery-item'>\n\t\t\t<div class='gallery-icon landscape'>\n\t\t\t\t<a href='https:\/\/archive.sana.sy\/es\/wp-content\/uploads\/2024\/04\/DSC_0153.jpg'><img loading=\"lazy\" decoding=\"async\" width=\"660\" height=\"440\" src=\"https:\/\/archive.sana.sy\/es\/wp-content\/uploads\/2024\/04\/DSC_0153.jpg\" class=\"attachment-full size-full\" alt=\"\" srcset=\"https:\/\/archive.sana.sy\/es\/wp-content\/uploads\/2024\/04\/DSC_0153.jpg 660w, https:\/\/archive.sana.sy\/es\/wp-content\/uploads\/2024\/04\/DSC_0153-300x200.jpg 300w, https:\/\/archive.sana.sy\/es\/wp-content\/uploads\/2024\/04\/DSC_0153-150x100.jpg 150w\" sizes=\"(max-width: 660px) 100vw, 660px\" \/><\/a>\n\t\t\t<\/div><\/figure>\n\t\t<\/div>\n\n<p style=\"text-align: justify;\">fm\/rr<\/p>\n","protected":false},"excerpt":{"rendered":"<p>Damasco, 15 abr (\u064dSANA)\u00a0 La Uni\u00f3n de Escritores \u00c1rabes del Levante fue creada en esta capital, como nueva entidad cultural que busca fortalecer la cooperaci\u00f3n para enfrentar los actuales desaf\u00edos en la esfera de la cultura. El anuncio se produjo durante una reuni\u00f3n celebrada en la sede de la Uni\u00f3n de Escritores \u00c1rabes en Damasco, &hellip;<\/p>\n","protected":false},"author":31,"featured_media":327038,"comment_status":"closed","ping_status":"closed","sticky":false,"template":"","format":"standard","meta":{"footnotes":""},"categories":[597,510,476,7541],"tags":[],"class_list":["post-327037","post","type-post","status-publish","format-standard","has-post-thumbnail","","category-cinta-de-noticias","category-arte-y-cultura","category-locales","category-ultimas-noticias"],"_links":{"self":[{"href":"https:\/\/archive.sana.sy\/es\/index.php?rest_route=\/wp\/v2\/posts\/327037"}],"collection":[{"href":"https:\/\/archive.sana.sy\/es\/index.php?rest_route=\/wp\/v2\/posts"}],"about":[{"href":"https:\/\/archive.sana.sy\/es\/index.php?rest_route=\/wp\/v2\/types\/post"}],"author":[{"embeddable":true,"href":"https:\/\/archive.sana.sy\/es\/index.php?rest_route=\/wp\/v2\/users\/31"}],"replies":[{"embeddable":true,"href":"https:\/\/archive.sana.sy\/es\/index.php?rest_route=%2Fwp%2Fv2%2Fcomments&post=327037"}],"version-history":[{"count":1,"href":"https:\/\/archive.sana.sy\/es\/index.php?rest_route=\/wp\/v2\/posts\/327037\/revisions"}],"predecessor-version":[{"id":327040,"href":"https:\/\/archive.sana.sy\/es\/index.php?rest_route=\/wp\/v2\/posts\/327037\/revisions\/327040"}],"wp:featuredmedia":[{"embeddable":true,"href":"https:\/\/archive.sana.sy\/es\/index.php?rest_route=\/wp\/v2\/media\/327038"}],"wp:attachment":[{"href":"https:\/\/archive.sana.sy\/es\/index.php?rest_route=%2Fwp%2Fv2%2Fmedia&parent=327037"}],"wp:term":[{"taxonomy":"category","embeddable":true,"href":"https:\/\/archive.sana.sy\/es\/index.php?rest_route=%2Fwp%2Fv2%2Fcategories&post=327037"},{"taxonomy":"post_tag","embeddable":true,"href":"https:\/\/archive.sana.sy\/es\/index.php?rest_route=%2Fwp%2Fv2%2Ftags&post=327037"}],"curies":[{"name":"wp","href":"https:\/\/api.w.org\/{rel}","templated":true}]}}