{"id":327044,"date":"2024-04-15T19:26:00","date_gmt":"2024-04-15T16:26:00","guid":{"rendered":"https:\/\/sana.sy\/es\/?p=327044"},"modified":"2024-04-15T19:26:00","modified_gmt":"2024-04-15T16:26:00","slug":"liga-arabe-pide-al-consejo-de-seguridad-que-tome-medidas-para-detener-violaciones-de-los-colonos-israelies","status":"publish","type":"post","link":"https:\/\/archive.sana.sy\/es\/?p=327044","title":{"rendered":"Liga \u00c1rabe pide al Consejo de Seguridad que tome medidas para detener violaciones de los colonos israel\u00edes"},"content":{"rendered":"<p style=\"text-align: justify;\"><span style=\"color: #800000;\"><strong>El Cairo, 15 abr (SANA)\u00a0<\/strong> <\/span>\u00a0La Liga \u00c1rabe conden\u00f3 la fren\u00e9tica campa\u00f1a de los colonos israel\u00edes contra las ciudades y pueblos en Cisjordania y pidi\u00f3 al Consejo de Seguridad de la ONU que tome medidas para poner fin a esta situaci\u00f3n.<\/p>\n<p style=\"text-align: justify;\">\u201cLos colonos llevan a cabo ataques bajo protecci\u00f3n de las autoridades de ocupaci\u00f3n, que alientan estas operaciones vergonzosas, afianzando as\u00ed un estado general de impunidad a los agresores\u201d, afirm\u00f3 la Liga por medio de un comunicado.<\/p>\n<p style=\"text-align: justify;\">Agreg\u00f3 que \u201clos cr\u00edmenes cometidos diariamente por el ocupante en la Franja de Gaza no deber\u00edan encubrir lo que Cisjordania est\u00e1 presenciando de un aumento en la frecuencia y gravedad de los cr\u00edmenes violentos, la quema de viviendas y tierras agr\u00edcolas, y la destrucci\u00f3n de propiedades, por colonos armados\u201d.<\/p>\n<p style=\"text-align: justify;\">La declaraci\u00f3n se\u00f1al\u00f3 que &#8220;la imposici\u00f3n de sanciones por parte de algunos pa\u00edses a varios colonos representa un paso peque\u00f1o y tard\u00edo, y es insuficiente para disuadir la escalada de esas agresiones y brindar protecci\u00f3n a los palestinos en Cisjordania&#8221;.<\/p>\n<p style=\"text-align: justify;\">Llam\u00f3 al Consejo de Seguridad a actuar para poner fin a esta vergonzosa situaci\u00f3n y finalizar el estado de impunidad en Cisjordania.<\/p>\n<p style=\"text-align: justify;\">Desde el pasado viernes, los colonos lanzaron ataques, con la protecci\u00f3n de las fuerzas de ocupaci\u00f3n, contra varias aldeas y ciudades de Cisjordania.<\/p>\n<p style=\"text-align: justify;\">fm\/rr<\/p>\n","protected":false},"excerpt":{"rendered":"<p>El Cairo, 15 abr (SANA)\u00a0 \u00a0La Liga \u00c1rabe conden\u00f3 la fren\u00e9tica campa\u00f1a de los colonos israel\u00edes contra las ciudades y pueblos en Cisjordania y pidi\u00f3 al Consejo de Seguridad de la ONU que tome medidas para poner fin a esta situaci\u00f3n. \u201cLos colonos llevan a cabo ataques bajo protecci\u00f3n de las autoridades de ocupaci\u00f3n, que &hellip;<\/p>\n","protected":false},"author":31,"featured_media":327045,"comment_status":"closed","ping_status":"closed","sticky":false,"template":"","format":"standard","meta":{"footnotes":""},"categories":[597,456,16687,7541],"tags":[12002,22027,1494],"class_list":["post-327044","post","type-post","status-publish","format-standard","has-post-thumbnail","","category-cinta-de-noticias","category-arabe-internacional-politica","category-internacionales","category-ultimas-noticias","tag-gaza","tag-liga-arabe","tag-palestina"],"_links":{"self":[{"href":"https:\/\/archive.sana.sy\/es\/index.php?rest_route=\/wp\/v2\/posts\/327044"}],"collection":[{"href":"https:\/\/archive.sana.sy\/es\/index.php?rest_route=\/wp\/v2\/posts"}],"about":[{"href":"https:\/\/archive.sana.sy\/es\/index.php?rest_route=\/wp\/v2\/types\/post"}],"author":[{"embeddable":true,"href":"https:\/\/archive.sana.sy\/es\/index.php?rest_route=\/wp\/v2\/users\/31"}],"replies":[{"embeddable":true,"href":"https:\/\/archive.sana.sy\/es\/index.php?rest_route=%2Fwp%2Fv2%2Fcomments&post=327044"}],"version-history":[{"count":1,"href":"https:\/\/archive.sana.sy\/es\/index.php?rest_route=\/wp\/v2\/posts\/327044\/revisions"}],"predecessor-version":[{"id":327046,"href":"https:\/\/archive.sana.sy\/es\/index.php?rest_route=\/wp\/v2\/posts\/327044\/revisions\/327046"}],"wp:featuredmedia":[{"embeddable":true,"href":"https:\/\/archive.sana.sy\/es\/index.php?rest_route=\/wp\/v2\/media\/327045"}],"wp:attachment":[{"href":"https:\/\/archive.sana.sy\/es\/index.php?rest_route=%2Fwp%2Fv2%2Fmedia&parent=327044"}],"wp:term":[{"taxonomy":"category","embeddable":true,"href":"https:\/\/archive.sana.sy\/es\/index.php?rest_route=%2Fwp%2Fv2%2Fcategories&post=327044"},{"taxonomy":"post_tag","embeddable":true,"href":"https:\/\/archive.sana.sy\/es\/index.php?rest_route=%2Fwp%2Fv2%2Ftags&post=327044"}],"curies":[{"name":"wp","href":"https:\/\/api.w.org\/{rel}","templated":true}]}}