{"id":327076,"date":"2024-04-16T06:05:30","date_gmt":"2024-04-16T03:05:30","guid":{"rendered":"https:\/\/sana.sy\/es\/?p=327076"},"modified":"2024-04-16T06:05:30","modified_gmt":"2024-04-16T03:05:30","slug":"el-puente-golden-gate-en-san-francisco-es-bloqueado-por-manifestantes-pro-palestinos","status":"publish","type":"post","link":"https:\/\/archive.sana.sy\/es\/?p=327076","title":{"rendered":"El puente Golden Gate en San Francisco es bloqueado por manifestantes pro palestinos"},"content":{"rendered":"<p style=\"text-align: justify;\"><span style=\"color: #800000;\"><strong>San Francisco, 16 abr (SANA)\u00a0<\/strong> <\/span>Los manifestantes cerraron el puente Golden Gate, considerado uno de los hitos de la ciudad de San Francisco en el estado estadounidense de California, en apoyo a los palestinos y en protesta contra la continua agresi\u00f3n israel\u00ed en la Franja de Gaza.<\/p>\n<p style=\"text-align: justify;\"><img loading=\"lazy\" decoding=\"async\" class=\"wp-image-327077 alignleft\" src=\"http:\/\/sana.sy\/es\/wp-content\/uploads\/2024\/04\/werwrw.jpg\" alt=\"El Ministerio de Salud palestino anunci\u00f3 hoy que durante las \u00faltimas 24 horas, el ocupante israel\u00ed cometi\u00f3 7 masacres en la Franja de Gaza, saldando en 68 muertos y 94 heridos.\n\nEn un comunicado, el Ministerio aclar\u00f3 que el n\u00famero de v\u00edctimas durante 192 d\u00edas de guerra genocida aument\u00f3 a 33 mil 797 muertos y 76 mil 465 heridos.\n\nAclar\u00f3 que los cad\u00e1veres de varios muertos todav\u00eda se encuentran bajo los escombros o en las carreteras, ya que las ambulancias y Los equipos de defensa civil no pueden llegar a los mismos.\" width=\"327\" height=\"202\" srcset=\"https:\/\/archive.sana.sy\/es\/wp-content\/uploads\/2024\/04\/werwrw.jpg 770w, https:\/\/archive.sana.sy\/es\/wp-content\/uploads\/2024\/04\/werwrw-300x185.jpg 300w, https:\/\/archive.sana.sy\/es\/wp-content\/uploads\/2024\/04\/werwrw-150x93.jpg 150w, https:\/\/archive.sana.sy\/es\/wp-content\/uploads\/2024\/04\/werwrw-768x474.jpg 768w\" sizes=\"(max-width: 327px) 100vw, 327px\" \/> La Agencia France-Presse (AFP) inform\u00f3 que los manifestantes impidieron la entrada y salida del puente, levantando una pancarta que exige un alto el fuego en Gaza.<\/p>\n<p style=\"text-align: justify;\">Las escenas tomadas desde el aire mostraron una larga fila de autos estacionados en el puente, mientras que los carriles en la direcci\u00f3n opuesta estaban completamente vac\u00edos.<\/p>\n<p style=\"text-align: justify;\">Hoy, tuvieron lugar tambi\u00e9n manifestaciones en Australia y M\u00e9xico para protestar por la guerra israel\u00ed contra la Franja de Gaza.<\/p>\n<p style=\"text-align: justify;\">El Minist<img loading=\"lazy\" decoding=\"async\" class=\"wp-image-327022 alignleft\" src=\"http:\/\/sana.sy\/es\/wp-content\/uploads\/2024\/04\/\u0645\u062c\u0627\u0632\u0631-\u0627\u0644\u0627\u062d\u062a\u0644\u0627\u0644-\u0641\u064a-\u063a\u0632\u0629-660x330-1.jpg\" alt=\"\" width=\"334\" height=\"167\" srcset=\"https:\/\/archive.sana.sy\/es\/wp-content\/uploads\/2024\/04\/\u0645\u062c\u0627\u0632\u0631-\u0627\u0644\u0627\u062d\u062a\u0644\u0627\u0644-\u0641\u064a-\u063a\u0632\u0629-660x330-1.jpg 660w, https:\/\/archive.sana.sy\/es\/wp-content\/uploads\/2024\/04\/\u0645\u062c\u0627\u0632\u0631-\u0627\u0644\u0627\u062d\u062a\u0644\u0627\u0644-\u0641\u064a-\u063a\u0632\u0629-660x330-1-300x150.jpg 300w, https:\/\/archive.sana.sy\/es\/wp-content\/uploads\/2024\/04\/\u0645\u062c\u0627\u0632\u0631-\u0627\u0644\u0627\u062d\u062a\u0644\u0627\u0644-\u0641\u064a-\u063a\u0632\u0629-660x330-1-150x75.jpg 150w\" sizes=\"(max-width: 334px) 100vw, 334px\" \/>erio de Salud palestino anunci\u00f3 que durante las \u00faltimas 24 horas, el ocupante israel\u00ed cometi\u00f3 7 masacres en la Franja de Gaza, saldando en 68 muertos y 94 heridos.<\/p>\n<p style=\"text-align: justify;\">En un comunicado, el Ministerio aclar\u00f3 que el n\u00famero de v\u00edctimas durante 192 d\u00edas de guerra genocida aument\u00f3 a 33 mil 797 muertos y 76 mil 465 heridos.<\/p>\n<p style=\"text-align: justify;\">Aclar\u00f3 que los cad\u00e1veres de varios muertos todav\u00eda se encuentran bajo los escombros o en las carreteras, ya que las ambulancias y Los equipos de defensa civil no pueden llegar a los mismos.<\/p>\n<p style=\"text-align: justify;\">fm<\/p>\n","protected":false},"excerpt":{"rendered":"<p>San Francisco, 16 abr (SANA)\u00a0 Los manifestantes cerraron el puente Golden Gate, considerado uno de los hitos de la ciudad de San Francisco en el estado estadounidense de California, en apoyo a los palestinos y en protesta contra la continua agresi\u00f3n israel\u00ed en la Franja de Gaza. La Agencia France-Presse (AFP) inform\u00f3 que los manifestantes &hellip;<\/p>\n","protected":false},"author":34,"featured_media":327077,"comment_status":"closed","ping_status":"closed","sticky":false,"template":"","format":"standard","meta":{"footnotes":""},"categories":[597,456,20724,583],"tags":[],"class_list":["post-327076","post","type-post","status-publish","format-standard","has-post-thumbnail","","category-cinta-de-noticias","category-arabe-internacional-politica","category-minuto-a-minuto","category-slide"],"_links":{"self":[{"href":"https:\/\/archive.sana.sy\/es\/index.php?rest_route=\/wp\/v2\/posts\/327076"}],"collection":[{"href":"https:\/\/archive.sana.sy\/es\/index.php?rest_route=\/wp\/v2\/posts"}],"about":[{"href":"https:\/\/archive.sana.sy\/es\/index.php?rest_route=\/wp\/v2\/types\/post"}],"author":[{"embeddable":true,"href":"https:\/\/archive.sana.sy\/es\/index.php?rest_route=\/wp\/v2\/users\/34"}],"replies":[{"embeddable":true,"href":"https:\/\/archive.sana.sy\/es\/index.php?rest_route=%2Fwp%2Fv2%2Fcomments&post=327076"}],"version-history":[{"count":1,"href":"https:\/\/archive.sana.sy\/es\/index.php?rest_route=\/wp\/v2\/posts\/327076\/revisions"}],"predecessor-version":[{"id":327079,"href":"https:\/\/archive.sana.sy\/es\/index.php?rest_route=\/wp\/v2\/posts\/327076\/revisions\/327079"}],"wp:featuredmedia":[{"embeddable":true,"href":"https:\/\/archive.sana.sy\/es\/index.php?rest_route=\/wp\/v2\/media\/327077"}],"wp:attachment":[{"href":"https:\/\/archive.sana.sy\/es\/index.php?rest_route=%2Fwp%2Fv2%2Fmedia&parent=327076"}],"wp:term":[{"taxonomy":"category","embeddable":true,"href":"https:\/\/archive.sana.sy\/es\/index.php?rest_route=%2Fwp%2Fv2%2Fcategories&post=327076"},{"taxonomy":"post_tag","embeddable":true,"href":"https:\/\/archive.sana.sy\/es\/index.php?rest_route=%2Fwp%2Fv2%2Ftags&post=327076"}],"curies":[{"name":"wp","href":"https:\/\/api.w.org\/{rel}","templated":true}]}}