{"id":32708,"date":"2015-11-03T13:04:17","date_gmt":"2015-11-03T11:04:17","guid":{"rendered":"http:\/\/sana.sy\/es\/?p=32708"},"modified":"2015-11-03T13:04:17","modified_gmt":"2015-11-03T11:04:17","slug":"en-un-gesto-simbolico-solidarios-de-12-nacionalidad-se-refugian-en-siria","status":"publish","type":"post","link":"https:\/\/archive.sana.sy\/es\/?p=32708","title":{"rendered":"En un gesto simb\u00f3lico, solidarios de 12 nacionalidad se refugian en Siria"},"content":{"rendered":"<p><span style=\"color: #800000\">Damasco, SANA<\/span><\/p>\n<p>Un n\u00famero de activistas solidarios con Siria llegaron como refugiados a Siria e Irak, en un gesto simb\u00f3lico para expresar su apoyo y amor por Siria, y su rechazo al terrorismo..<\/p>\n<p>Los activistas provienen de 12 nacionalidades e incluyen a diputados europeos, escritores y periodistas.<\/p>\n<p>Un video publicado en las redes sociales muestra a los activistas a bordo de un barco, levantando la bandera de Siria y correando consignas de apoyo a Siria y su ej\u00e9rcito.<\/p>\n<p>Los participantes en la iniciativa son de B\u00e9lgica, Francia, Alemania, Italia, Suiza, Turqu\u00eda, Rusia, T\u00fanez, Argelia, Egipto, Irak y Siria.<\/p>\n<p><span style=\"color: #00ccff\">Fady M., Hala B.<\/span><\/p>\n","protected":false},"excerpt":{"rendered":"<p>Damasco, SANA Un n\u00famero de activistas solidarios con Siria llegaron como refugiados a Siria e Irak, en un gesto simb\u00f3lico para expresar su apoyo y amor por Siria, y su rechazo al terrorismo.. Los activistas provienen de 12 nacionalidades e incluyen a diputados europeos, escritores y periodistas. Un video publicado en las redes sociales muestra &hellip;<\/p>\n","protected":false},"author":1,"featured_media":32709,"comment_status":"closed","ping_status":"closed","sticky":false,"template":"","format":"standard","meta":{"footnotes":""},"categories":[477,597,476,576],"tags":[7268,7269],"class_list":["post-32708","post","type-post","status-publish","format-standard","has-post-thumbnail","","category-noticias-edulcorantes","category-cinta-de-noticias","category-locales","category-noticias-politicas","tag-en-un-gesto-simbolico","tag-solidarios-de-12-nacionalidad-se-refugian-en-siria"],"_links":{"self":[{"href":"https:\/\/archive.sana.sy\/es\/index.php?rest_route=\/wp\/v2\/posts\/32708"}],"collection":[{"href":"https:\/\/archive.sana.sy\/es\/index.php?rest_route=\/wp\/v2\/posts"}],"about":[{"href":"https:\/\/archive.sana.sy\/es\/index.php?rest_route=\/wp\/v2\/types\/post"}],"author":[{"embeddable":true,"href":"https:\/\/archive.sana.sy\/es\/index.php?rest_route=\/wp\/v2\/users\/1"}],"replies":[{"embeddable":true,"href":"https:\/\/archive.sana.sy\/es\/index.php?rest_route=%2Fwp%2Fv2%2Fcomments&post=32708"}],"version-history":[{"count":0,"href":"https:\/\/archive.sana.sy\/es\/index.php?rest_route=\/wp\/v2\/posts\/32708\/revisions"}],"wp:featuredmedia":[{"embeddable":true,"href":"https:\/\/archive.sana.sy\/es\/index.php?rest_route=\/wp\/v2\/media\/32709"}],"wp:attachment":[{"href":"https:\/\/archive.sana.sy\/es\/index.php?rest_route=%2Fwp%2Fv2%2Fmedia&parent=32708"}],"wp:term":[{"taxonomy":"category","embeddable":true,"href":"https:\/\/archive.sana.sy\/es\/index.php?rest_route=%2Fwp%2Fv2%2Fcategories&post=32708"},{"taxonomy":"post_tag","embeddable":true,"href":"https:\/\/archive.sana.sy\/es\/index.php?rest_route=%2Fwp%2Fv2%2Ftags&post=32708"}],"curies":[{"name":"wp","href":"https:\/\/api.w.org\/{rel}","templated":true}]}}