{"id":327092,"date":"2024-04-16T13:28:00","date_gmt":"2024-04-16T10:28:00","guid":{"rendered":"https:\/\/sana.sy\/es\/?p=327092"},"modified":"2024-04-16T13:30:14","modified_gmt":"2024-04-16T10:30:14","slug":"el-minuto-a-minuto-de-la-continua-agresion-israeli-contra-gaza-5","status":"publish","type":"post","link":"https:\/\/archive.sana.sy\/es\/?p=327092","title":{"rendered":"El minuto a minuto de la continua agresi\u00f3n israel\u00ed contra Gaza"},"content":{"rendered":"<p style=\"text-align: justify;\"><span style=\"color: #800000;\"><strong>Jerusal\u00e9n ocupada, 16 abr (SANA)<\/strong> <\/span><strong>Los acontecimientos m\u00e1s destacados del d\u00eda 193 de la guerra genocida lanzada por \u201cIsrael\u201d contra la Franja de Gaza:<\/strong><\/p>\n<p style=\"text-align: justify;\">???????? Ministerio de Salud palestino: Durante las \u00faltimas 24 horas, el ocupante israel\u00ed cometi\u00f3 5 masacres en Gaza, dejando muertos a 46 personas y heridas a otras 110.<\/p>\n<p style=\"text-align: justify;\">???????? El n\u00famero de v\u00edctimas de la actual agresi\u00f3n israel\u00ed a la Franja de Gaza aument\u00f3 a 33.843 muertos y 76.575 heridos.<\/p>\n<p style=\"text-align: justify;\">???????? Reportan 4 muertos y varios heridos por bombardeo a\u00e9reo israel\u00ed contra una casa en el barrio de Tal Al-Sultan, al oeste de la ciudad de Rafah, al sur de la Franja de Gaza.<\/p>\n<p style=\"text-align: justify;\">???????? Tres m\u00e1rtires y decenas de heridos en ataque del ocupante israel\u00ed contra el campamento de Nuseirat en la zona central de la Franja de Gaza.<\/p>\n<p>&nbsp;<\/p>\n","protected":false},"excerpt":{"rendered":"<p>Jerusal\u00e9n ocupada, 16 abr (SANA) Los acontecimientos m\u00e1s destacados del d\u00eda 193 de la guerra genocida lanzada por \u201cIsrael\u201d contra la Franja de Gaza: ???????? Ministerio de Salud palestino: Durante las \u00faltimas 24 horas, el ocupante israel\u00ed cometi\u00f3 5 masacres en Gaza, dejando muertos a 46 personas y heridas a otras 110. ???????? El n\u00famero &hellip;<\/p>\n","protected":false},"author":42,"featured_media":327093,"comment_status":"closed","ping_status":"closed","sticky":false,"template":"","format":"standard","meta":{"footnotes":""},"categories":[597,456,16687,20724,583],"tags":[],"class_list":["post-327092","post","type-post","status-publish","format-standard","has-post-thumbnail","","category-cinta-de-noticias","category-arabe-internacional-politica","category-internacionales","category-minuto-a-minuto","category-slide"],"_links":{"self":[{"href":"https:\/\/archive.sana.sy\/es\/index.php?rest_route=\/wp\/v2\/posts\/327092"}],"collection":[{"href":"https:\/\/archive.sana.sy\/es\/index.php?rest_route=\/wp\/v2\/posts"}],"about":[{"href":"https:\/\/archive.sana.sy\/es\/index.php?rest_route=\/wp\/v2\/types\/post"}],"author":[{"embeddable":true,"href":"https:\/\/archive.sana.sy\/es\/index.php?rest_route=\/wp\/v2\/users\/42"}],"replies":[{"embeddable":true,"href":"https:\/\/archive.sana.sy\/es\/index.php?rest_route=%2Fwp%2Fv2%2Fcomments&post=327092"}],"version-history":[{"count":4,"href":"https:\/\/archive.sana.sy\/es\/index.php?rest_route=\/wp\/v2\/posts\/327092\/revisions"}],"predecessor-version":[{"id":327097,"href":"https:\/\/archive.sana.sy\/es\/index.php?rest_route=\/wp\/v2\/posts\/327092\/revisions\/327097"}],"wp:featuredmedia":[{"embeddable":true,"href":"https:\/\/archive.sana.sy\/es\/index.php?rest_route=\/wp\/v2\/media\/327093"}],"wp:attachment":[{"href":"https:\/\/archive.sana.sy\/es\/index.php?rest_route=%2Fwp%2Fv2%2Fmedia&parent=327092"}],"wp:term":[{"taxonomy":"category","embeddable":true,"href":"https:\/\/archive.sana.sy\/es\/index.php?rest_route=%2Fwp%2Fv2%2Fcategories&post=327092"},{"taxonomy":"post_tag","embeddable":true,"href":"https:\/\/archive.sana.sy\/es\/index.php?rest_route=%2Fwp%2Fv2%2Ftags&post=327092"}],"curies":[{"name":"wp","href":"https:\/\/api.w.org\/{rel}","templated":true}]}}