{"id":327099,"date":"2024-04-16T14:20:57","date_gmt":"2024-04-16T11:20:57","guid":{"rendered":"https:\/\/sana.sy\/es\/?p=327099"},"modified":"2024-04-16T14:20:57","modified_gmt":"2024-04-16T11:20:57","slug":"nuestra-respuesta-a-israel-es-un-derecho-legitimo-a-la-autodefensa-asegura-canciller-de-iran","status":"publish","type":"post","link":"https:\/\/archive.sana.sy\/es\/?p=327099","title":{"rendered":"Nuestra respuesta a Israel es un derecho leg\u00edtimo a la autodefensa, asegura Canciller de Ir\u00e1n"},"content":{"rendered":"<p style=\"text-align: justify;\"><span style=\"color: #800000;\"><strong>Teher\u00e1n, 16 abr (SANA) <\/strong><\/span>El ministro de Asuntos Exteriores iran\u00ed, Hossein Amir Abdollahian, reiter\u00f3 que la respuesta de su pa\u00eds al ataque israel\u00ed contra el consulado iran\u00ed en Damasco, es un derecho leg\u00edtimo a la autodefensa.<\/p>\n<p style=\"text-align: justify;\">En una conversaci\u00f3n telef\u00f3nica con su hom\u00f3logo malasio, Muhammad Hassan, el jefe de la diplomacia iran\u00ed afirm\u00f3 que el ataque al consulado muestra el fracaso de Israel en su guerra contra Gaza y prtende encubrir este fracaso.<\/p>\n<p style=\"text-align: justify;\">Abdullahian lament\u00f3 la incapacidad del Consejo de Seguridad de emitir una resoluci\u00f3n que condena la entidad sionista debido a la oposici\u00f3n de Estados Unidos, Gran Breta\u00f1a y Francia.<\/p>\n<p style=\"text-align: justify;\">Agreg\u00f3 que Ir\u00e1n decidi\u00f3 castigar a la entidad sionista dando un paso deliberado y llevando a cabo una operaci\u00f3n contra dos bases militares.<\/p>\n<p style=\"text-align: justify;\">A su vez, el ministro de Asuntos Exteriores de Malasia expres\u00f3 su condena al ataque israel\u00ed.<\/p>\n<p style=\"text-align: justify;\">\u201cEsper\u00e1bamos que el Consejo de Seguridad condenara esta acci\u00f3n agresiva israel\u00ed, pero Estados Unidos y dos pa\u00edses europeos impidieron la aprobaci\u00f3n de una declaraci\u00f3n que repudia esta flagrante\u201d, dijo Abdullahian en otra llamada con su hom\u00f3loga eslovena, Tanja Vaillon.<\/p>\n<p style=\"text-align: justify;\">Por su parte, Vaillon destac\u00f3 la importancia del papel regional de la Rep\u00fablica Isl\u00e1mica de Ir\u00e1n en la prevenci\u00f3n del aumento de tensiones en la regi\u00f3n.<\/p>\n<p style=\"text-align: justify;\">as\/fm<\/p>\n","protected":false},"excerpt":{"rendered":"<p>Teher\u00e1n, 16 abr (SANA) El ministro de Asuntos Exteriores iran\u00ed, Hossein Amir Abdollahian, reiter\u00f3 que la respuesta de su pa\u00eds al ataque israel\u00ed contra el consulado iran\u00ed en Damasco, es un derecho leg\u00edtimo a la autodefensa. En una conversaci\u00f3n telef\u00f3nica con su hom\u00f3logo malasio, Muhammad Hassan, el jefe de la diplomacia iran\u00ed afirm\u00f3 que el &hellip;<\/p>\n","protected":false},"author":42,"featured_media":327100,"comment_status":"closed","ping_status":"closed","sticky":false,"template":"","format":"standard","meta":{"footnotes":""},"categories":[597,456,20724,7541],"tags":[],"class_list":["post-327099","post","type-post","status-publish","format-standard","has-post-thumbnail","","category-cinta-de-noticias","category-arabe-internacional-politica","category-minuto-a-minuto","category-ultimas-noticias"],"_links":{"self":[{"href":"https:\/\/archive.sana.sy\/es\/index.php?rest_route=\/wp\/v2\/posts\/327099"}],"collection":[{"href":"https:\/\/archive.sana.sy\/es\/index.php?rest_route=\/wp\/v2\/posts"}],"about":[{"href":"https:\/\/archive.sana.sy\/es\/index.php?rest_route=\/wp\/v2\/types\/post"}],"author":[{"embeddable":true,"href":"https:\/\/archive.sana.sy\/es\/index.php?rest_route=\/wp\/v2\/users\/42"}],"replies":[{"embeddable":true,"href":"https:\/\/archive.sana.sy\/es\/index.php?rest_route=%2Fwp%2Fv2%2Fcomments&post=327099"}],"version-history":[{"count":1,"href":"https:\/\/archive.sana.sy\/es\/index.php?rest_route=\/wp\/v2\/posts\/327099\/revisions"}],"predecessor-version":[{"id":327101,"href":"https:\/\/archive.sana.sy\/es\/index.php?rest_route=\/wp\/v2\/posts\/327099\/revisions\/327101"}],"wp:featuredmedia":[{"embeddable":true,"href":"https:\/\/archive.sana.sy\/es\/index.php?rest_route=\/wp\/v2\/media\/327100"}],"wp:attachment":[{"href":"https:\/\/archive.sana.sy\/es\/index.php?rest_route=%2Fwp%2Fv2%2Fmedia&parent=327099"}],"wp:term":[{"taxonomy":"category","embeddable":true,"href":"https:\/\/archive.sana.sy\/es\/index.php?rest_route=%2Fwp%2Fv2%2Fcategories&post=327099"},{"taxonomy":"post_tag","embeddable":true,"href":"https:\/\/archive.sana.sy\/es\/index.php?rest_route=%2Fwp%2Fv2%2Ftags&post=327099"}],"curies":[{"name":"wp","href":"https:\/\/api.w.org\/{rel}","templated":true}]}}