{"id":327102,"date":"2024-04-16T14:26:46","date_gmt":"2024-04-16T11:26:46","guid":{"rendered":"https:\/\/sana.sy\/es\/?p=327102"},"modified":"2024-04-16T14:26:46","modified_gmt":"2024-04-16T11:26:46","slug":"defensa-aerea-rusa-repele-dos-ataques-ucranianos-con-drones","status":"publish","type":"post","link":"https:\/\/archive.sana.sy\/es\/?p=327102","title":{"rendered":"Defensa a\u00e9rea rusa repele dos ataques ucranianos con drones"},"content":{"rendered":"<p style=\"text-align: justify;\"><span style=\"color: #800000;\"><strong>Mosc\u00fa, 16 abr (SANA)<\/strong> <\/span>Los sistemas de defensa a\u00e9rea rusos repelieron hoy dos ataques con drones de Kiev contra blancos en las provincias de Kursk y B\u00e9lgorod, en el oeste del pa\u00eds.<\/p>\n<p style=\"text-align: justify;\">El Ministerio de Defensa de Rusia inform\u00f3 que las bater\u00edas antia\u00e9reas abortaron un intento de ataque terrorista ucraniano utilizando un peque\u00f1o globo contra instalaciones en el territorio de Kursk y lo destruy\u00f3.<\/p>\n<p style=\"text-align: justify;\">Tambi\u00e9n tres drones ucranianos fueron destruidos por la defensa rusa en la regi\u00f3n de B\u00e9lgorod.<\/p>\n<p style=\"text-align: justify;\">as\/fm<\/p>\n","protected":false},"excerpt":{"rendered":"<p>Mosc\u00fa, 16 abr (SANA) Los sistemas de defensa a\u00e9rea rusos repelieron hoy dos ataques con drones de Kiev contra blancos en las provincias de Kursk y B\u00e9lgorod, en el oeste del pa\u00eds. El Ministerio de Defensa de Rusia inform\u00f3 que las bater\u00edas antia\u00e9reas abortaron un intento de ataque terrorista ucraniano utilizando un peque\u00f1o globo contra &hellip;<\/p>\n","protected":false},"author":42,"featured_media":327103,"comment_status":"closed","ping_status":"closed","sticky":false,"template":"","format":"standard","meta":{"footnotes":""},"categories":[597,456,16687,20724,7541],"tags":[],"class_list":["post-327102","post","type-post","status-publish","format-standard","has-post-thumbnail","","category-cinta-de-noticias","category-arabe-internacional-politica","category-internacionales","category-minuto-a-minuto","category-ultimas-noticias"],"_links":{"self":[{"href":"https:\/\/archive.sana.sy\/es\/index.php?rest_route=\/wp\/v2\/posts\/327102"}],"collection":[{"href":"https:\/\/archive.sana.sy\/es\/index.php?rest_route=\/wp\/v2\/posts"}],"about":[{"href":"https:\/\/archive.sana.sy\/es\/index.php?rest_route=\/wp\/v2\/types\/post"}],"author":[{"embeddable":true,"href":"https:\/\/archive.sana.sy\/es\/index.php?rest_route=\/wp\/v2\/users\/42"}],"replies":[{"embeddable":true,"href":"https:\/\/archive.sana.sy\/es\/index.php?rest_route=%2Fwp%2Fv2%2Fcomments&post=327102"}],"version-history":[{"count":1,"href":"https:\/\/archive.sana.sy\/es\/index.php?rest_route=\/wp\/v2\/posts\/327102\/revisions"}],"predecessor-version":[{"id":327104,"href":"https:\/\/archive.sana.sy\/es\/index.php?rest_route=\/wp\/v2\/posts\/327102\/revisions\/327104"}],"wp:featuredmedia":[{"embeddable":true,"href":"https:\/\/archive.sana.sy\/es\/index.php?rest_route=\/wp\/v2\/media\/327103"}],"wp:attachment":[{"href":"https:\/\/archive.sana.sy\/es\/index.php?rest_route=%2Fwp%2Fv2%2Fmedia&parent=327102"}],"wp:term":[{"taxonomy":"category","embeddable":true,"href":"https:\/\/archive.sana.sy\/es\/index.php?rest_route=%2Fwp%2Fv2%2Fcategories&post=327102"},{"taxonomy":"post_tag","embeddable":true,"href":"https:\/\/archive.sana.sy\/es\/index.php?rest_route=%2Fwp%2Fv2%2Ftags&post=327102"}],"curies":[{"name":"wp","href":"https:\/\/api.w.org\/{rel}","templated":true}]}}