{"id":327105,"date":"2024-04-16T14:32:40","date_gmt":"2024-04-16T11:32:40","guid":{"rendered":"https:\/\/sana.sy\/es\/?p=327105"},"modified":"2024-04-16T14:32:40","modified_gmt":"2024-04-16T11:32:40","slug":"israel-asesino-a-seis-periodistas-palestinos-en-marzo","status":"publish","type":"post","link":"https:\/\/archive.sana.sy\/es\/?p=327105","title":{"rendered":"Israel asesin\u00f3 a seis periodistas palestinos en marzo"},"content":{"rendered":"<p style=\"text-align: justify;\"><span style=\"color: #800000;\"><strong>Jerusal\u00e9n ocupada, 16 abr (SANA)<\/strong><\/span> El Ej\u00e9rcito israel\u00ed asesin\u00f3 a seis periodistas palestinos, hiri\u00f3 a nueve y ejecut\u00f3 105 cr\u00edmenes violentos contra el sector durante el pasado mes de marzo.<\/p>\n<p style=\"text-align: justify;\">De acuerdo con denuncias del Comit\u00e9 de Libertades del Sindicato de Periodistas Palestinos, tres de los comunicadores perdieron la vida durante ataques contra sus viviendas en Gaza y los otros tres por disparos o metralla de cohetes.<\/p>\n<p style=\"text-align: justify;\">Agreg\u00f3 que el ej\u00e9rcito de ocupaci\u00f3n destruy\u00f3 12 instituciones y hogares de comunicadores en Gaza, arrest\u00f3 de ocho periodistas, mientras hubo 24 casos de destrozo y confiscaci\u00f3n de equipos de trabajo.<\/p>\n<p style=\"text-align: justify;\">La declaraci\u00f3n alert\u00f3 que el ritmo de ataques contra ellos est\u00e1 en aumento en los territorios ocupados palestinos.<\/p>\n<p style=\"text-align: justify;\">De acuerdo con el Club palestino de Prisioneros, las fuerzas de seguridad israel\u00edes arrestaron a 66 periodistas palestinos desde el comienzo de la guerra en Gaza, el 7 de octubre \u00faltimo.<\/p>\n<p style=\"text-align: justify;\">Desde el inicio de agresi\u00f3n contra ese territorio, Israel bombarde\u00f3 medio centenar de sedes de instituciones del sector.<\/p>\n<p style=\"text-align: justify;\">fm\/as<\/p>\n","protected":false},"excerpt":{"rendered":"<p>Jerusal\u00e9n ocupada, 16 abr (SANA) El Ej\u00e9rcito israel\u00ed asesin\u00f3 a seis periodistas palestinos, hiri\u00f3 a nueve y ejecut\u00f3 105 cr\u00edmenes violentos contra el sector durante el pasado mes de marzo. De acuerdo con denuncias del Comit\u00e9 de Libertades del Sindicato de Periodistas Palestinos, tres de los comunicadores perdieron la vida durante ataques contra sus viviendas &hellip;<\/p>\n","protected":false},"author":42,"featured_media":327106,"comment_status":"closed","ping_status":"closed","sticky":false,"template":"","format":"standard","meta":{"footnotes":""},"categories":[597,456,16687,20724,7541],"tags":[],"class_list":["post-327105","post","type-post","status-publish","format-standard","has-post-thumbnail","","category-cinta-de-noticias","category-arabe-internacional-politica","category-internacionales","category-minuto-a-minuto","category-ultimas-noticias"],"_links":{"self":[{"href":"https:\/\/archive.sana.sy\/es\/index.php?rest_route=\/wp\/v2\/posts\/327105"}],"collection":[{"href":"https:\/\/archive.sana.sy\/es\/index.php?rest_route=\/wp\/v2\/posts"}],"about":[{"href":"https:\/\/archive.sana.sy\/es\/index.php?rest_route=\/wp\/v2\/types\/post"}],"author":[{"embeddable":true,"href":"https:\/\/archive.sana.sy\/es\/index.php?rest_route=\/wp\/v2\/users\/42"}],"replies":[{"embeddable":true,"href":"https:\/\/archive.sana.sy\/es\/index.php?rest_route=%2Fwp%2Fv2%2Fcomments&post=327105"}],"version-history":[{"count":1,"href":"https:\/\/archive.sana.sy\/es\/index.php?rest_route=\/wp\/v2\/posts\/327105\/revisions"}],"predecessor-version":[{"id":327107,"href":"https:\/\/archive.sana.sy\/es\/index.php?rest_route=\/wp\/v2\/posts\/327105\/revisions\/327107"}],"wp:featuredmedia":[{"embeddable":true,"href":"https:\/\/archive.sana.sy\/es\/index.php?rest_route=\/wp\/v2\/media\/327106"}],"wp:attachment":[{"href":"https:\/\/archive.sana.sy\/es\/index.php?rest_route=%2Fwp%2Fv2%2Fmedia&parent=327105"}],"wp:term":[{"taxonomy":"category","embeddable":true,"href":"https:\/\/archive.sana.sy\/es\/index.php?rest_route=%2Fwp%2Fv2%2Fcategories&post=327105"},{"taxonomy":"post_tag","embeddable":true,"href":"https:\/\/archive.sana.sy\/es\/index.php?rest_route=%2Fwp%2Fv2%2Ftags&post=327105"}],"curies":[{"name":"wp","href":"https:\/\/api.w.org\/{rel}","templated":true}]}}