{"id":327108,"date":"2024-04-16T15:49:14","date_gmt":"2024-04-16T12:49:14","guid":{"rendered":"https:\/\/sana.sy\/es\/?p=327108"},"modified":"2024-04-16T15:49:14","modified_gmt":"2024-04-16T12:49:14","slug":"israel-asesino-a-46-palestinos-en-menos-de-24-horas-y-el-total-de-victimas-mortales-asciende-a-33-mil-843","status":"publish","type":"post","link":"https:\/\/archive.sana.sy\/es\/?p=327108","title":{"rendered":"Israel asesin\u00f3 a 46 palestinos en menos de 24 horas y el total de v\u00edctimas mortales asciende a 33 mil 843"},"content":{"rendered":"<p style=\"text-align: justify;\"><span style=\"color: #800000;\"><strong>Jerusal\u00e9n ocupada, 16 abr (SANA)<\/strong><\/span> El Ministerio de Salud palestino inform\u00f3 hoy que durante las \u00faltimas 24 horas, el ocupante israel\u00ed cometi\u00f3 5 masacres en la Franja de Gaza.<\/p>\n<p style=\"text-align: justify;\">\u201c46 palestinos murieron y otros 110 resultaron heridos durante la \u00faltima jornada de genocidio israel\u00ed contra este enclave costero\u201d, afirm\u00f3 el ente de salud.<\/p>\n<p style=\"text-align: justify;\">Agreg\u00f3 que el n\u00famero de v\u00edctimas de la guerra sionista que empez\u00f3 el d\u00eda 7 de octubre pasado, ascendi\u00f3 a 33.843 muertos y 76.575 heridos.<\/p>\n<p style=\"text-align: justify;\">Durante el d\u00eda de hoy, se confirmaron 4 muertos y varios heridos por un bombardeo a\u00e9reo israel\u00ed contra una casa en el barrio de Tal Al-Sultan, al oeste de la ciudad de Rafah, al sur de la Franja de Gaza.<\/p>\n<p style=\"text-align: justify;\">Asimismo, tres personas murieron y decenas resultaron lesionados en ataque del ocupante israel\u00ed contra el campamento de Nuseirat en la zona central de la Franja de Gaza.<\/p>\n<p style=\"text-align: justify;\">A su vez, la resistencia libanesa ataca con misiles una concentraci\u00f3n de soldados israel\u00edes en las proximidades del sitio de Birkat Risha.<\/p>\n<p style=\"text-align: justify;\">Tambi\u00e9n, medios de prensa palestinos confirmaron ocho muertos por bombardeo de la ocupaci\u00f3n israel\u00ed contra un autom\u00f3vil en el barrio de Al-Tuffah en la ciudad de Gaza.<\/p>\n<p style=\"text-align: justify;\">fm\/as<\/p>\n","protected":false},"excerpt":{"rendered":"<p>Jerusal\u00e9n ocupada, 16 abr (SANA) El Ministerio de Salud palestino inform\u00f3 hoy que durante las \u00faltimas 24 horas, el ocupante israel\u00ed cometi\u00f3 5 masacres en la Franja de Gaza. \u201c46 palestinos murieron y otros 110 resultaron heridos durante la \u00faltima jornada de genocidio israel\u00ed contra este enclave costero\u201d, afirm\u00f3 el ente de salud. Agreg\u00f3 que &hellip;<\/p>\n","protected":false},"author":42,"featured_media":327109,"comment_status":"closed","ping_status":"closed","sticky":false,"template":"","format":"standard","meta":{"footnotes":""},"categories":[597,456,16687,20724,7541],"tags":[],"class_list":["post-327108","post","type-post","status-publish","format-standard","has-post-thumbnail","","category-cinta-de-noticias","category-arabe-internacional-politica","category-internacionales","category-minuto-a-minuto","category-ultimas-noticias"],"_links":{"self":[{"href":"https:\/\/archive.sana.sy\/es\/index.php?rest_route=\/wp\/v2\/posts\/327108"}],"collection":[{"href":"https:\/\/archive.sana.sy\/es\/index.php?rest_route=\/wp\/v2\/posts"}],"about":[{"href":"https:\/\/archive.sana.sy\/es\/index.php?rest_route=\/wp\/v2\/types\/post"}],"author":[{"embeddable":true,"href":"https:\/\/archive.sana.sy\/es\/index.php?rest_route=\/wp\/v2\/users\/42"}],"replies":[{"embeddable":true,"href":"https:\/\/archive.sana.sy\/es\/index.php?rest_route=%2Fwp%2Fv2%2Fcomments&post=327108"}],"version-history":[{"count":1,"href":"https:\/\/archive.sana.sy\/es\/index.php?rest_route=\/wp\/v2\/posts\/327108\/revisions"}],"predecessor-version":[{"id":327110,"href":"https:\/\/archive.sana.sy\/es\/index.php?rest_route=\/wp\/v2\/posts\/327108\/revisions\/327110"}],"wp:featuredmedia":[{"embeddable":true,"href":"https:\/\/archive.sana.sy\/es\/index.php?rest_route=\/wp\/v2\/media\/327109"}],"wp:attachment":[{"href":"https:\/\/archive.sana.sy\/es\/index.php?rest_route=%2Fwp%2Fv2%2Fmedia&parent=327108"}],"wp:term":[{"taxonomy":"category","embeddable":true,"href":"https:\/\/archive.sana.sy\/es\/index.php?rest_route=%2Fwp%2Fv2%2Fcategories&post=327108"},{"taxonomy":"post_tag","embeddable":true,"href":"https:\/\/archive.sana.sy\/es\/index.php?rest_route=%2Fwp%2Fv2%2Ftags&post=327108"}],"curies":[{"name":"wp","href":"https:\/\/api.w.org\/{rel}","templated":true}]}}