{"id":32711,"date":"2015-11-03T13:08:20","date_gmt":"2015-11-03T11:08:20","guid":{"rendered":"http:\/\/sana.sy\/es\/?p=32711"},"modified":"2015-11-03T13:08:20","modified_gmt":"2015-11-03T11:08:20","slug":"policia-turca-detiene-a-dos-periodistas","status":"publish","type":"post","link":"https:\/\/archive.sana.sy\/es\/?p=32711","title":{"rendered":"Polic\u00eda turca detiene a dos periodistas"},"content":{"rendered":"<p><span style=\"color: #800000\">Ankara, SANA<\/span><\/p>\n<p>En una redada en las oficinas de la revista turca &#8220;Nokta&#8221;, la polic\u00eda del r\u00e9gimen de Erdog\u00e1n confisc\u00f3 la \u00faltima edici\u00f3n y detuvo a dos de sus jefes de redacci\u00f3n, cumpliendo \u00f3rdenes del quito Alto Tribunal Penal de Estambul.<\/p>\n<p>En la portada de la 24\u00aa edici\u00f3n mostraba al presidente del r\u00e9gimen turco Reyep Tayyip Erdogan, y defin\u00eda la fecha del 2 de noviembre como el \u201cinicio de la guerra civil turca\u201d.<\/p>\n<p>En las elecciones generales del domingo, el gobernante Partido de la Justicia y el Desarrollo volvi\u00f3 a ganar con el 49.36 % de los votos.<\/p>\n<p>El pasado 14 de septiembre, Nokta fue el objetivo de otra redada de la polic\u00eda, por difundir un fotomontaje en el que el mandatario turco aparec\u00eda sonriente haci\u00e9ndose un selfie ante el f\u00e9retro de un soldado turco asesinado<\/p>\n<p><span style=\"color: #00ccff\">Fady M., Hala B.<\/span><\/p>\n","protected":false},"excerpt":{"rendered":"<p>Ankara, SANA En una redada en las oficinas de la revista turca &#8220;Nokta&#8221;, la polic\u00eda del r\u00e9gimen de Erdog\u00e1n confisc\u00f3 la \u00faltima edici\u00f3n y detuvo a dos de sus jefes de redacci\u00f3n, cumpliendo \u00f3rdenes del quito Alto Tribunal Penal de Estambul. En la portada de la 24\u00aa edici\u00f3n mostraba al presidente del r\u00e9gimen turco Reyep &hellip;<\/p>\n","protected":false},"author":1,"featured_media":32713,"comment_status":"closed","ping_status":"closed","sticky":false,"template":"","format":"standard","meta":{"footnotes":""},"categories":[597,456,457],"tags":[7270],"class_list":["post-32711","post","type-post","status-publish","format-standard","has-post-thumbnail","","category-cinta-de-noticias","category-arabe-internacional-politica","category-noticias-arabe-internacional-politica","tag-policia-turca-detiene-a-dos-periodistas"],"_links":{"self":[{"href":"https:\/\/archive.sana.sy\/es\/index.php?rest_route=\/wp\/v2\/posts\/32711"}],"collection":[{"href":"https:\/\/archive.sana.sy\/es\/index.php?rest_route=\/wp\/v2\/posts"}],"about":[{"href":"https:\/\/archive.sana.sy\/es\/index.php?rest_route=\/wp\/v2\/types\/post"}],"author":[{"embeddable":true,"href":"https:\/\/archive.sana.sy\/es\/index.php?rest_route=\/wp\/v2\/users\/1"}],"replies":[{"embeddable":true,"href":"https:\/\/archive.sana.sy\/es\/index.php?rest_route=%2Fwp%2Fv2%2Fcomments&post=32711"}],"version-history":[{"count":0,"href":"https:\/\/archive.sana.sy\/es\/index.php?rest_route=\/wp\/v2\/posts\/32711\/revisions"}],"wp:featuredmedia":[{"embeddable":true,"href":"https:\/\/archive.sana.sy\/es\/index.php?rest_route=\/wp\/v2\/media\/32713"}],"wp:attachment":[{"href":"https:\/\/archive.sana.sy\/es\/index.php?rest_route=%2Fwp%2Fv2%2Fmedia&parent=32711"}],"wp:term":[{"taxonomy":"category","embeddable":true,"href":"https:\/\/archive.sana.sy\/es\/index.php?rest_route=%2Fwp%2Fv2%2Fcategories&post=32711"},{"taxonomy":"post_tag","embeddable":true,"href":"https:\/\/archive.sana.sy\/es\/index.php?rest_route=%2Fwp%2Fv2%2Ftags&post=32711"}],"curies":[{"name":"wp","href":"https:\/\/api.w.org\/{rel}","templated":true}]}}