{"id":327111,"date":"2024-04-16T18:00:06","date_gmt":"2024-04-16T15:00:06","guid":{"rendered":"https:\/\/sana.sy\/es\/?p=327111"},"modified":"2024-04-16T18:00:06","modified_gmt":"2024-04-16T15:00:06","slug":"israel-detuvo-a-mas-de-9500-palestinos-entre-ellos-200-menores-de-edad","status":"publish","type":"post","link":"https:\/\/archive.sana.sy\/es\/?p=327111","title":{"rendered":"&#8220;Israel&#8221; detuvo a m\u00e1s de 9500 palestinos entre ellos 200 menores de edad"},"content":{"rendered":"<p style=\"text-align: justify\"><span style=\"color: #800000\"><strong>Jerusal\u00e9n ocupada, 16 abr (SANA)<\/strong> <\/span>El n\u00famero de prisioneros en los centros de detenci\u00f3n del ocupante israel\u00ed ha llegado a m\u00e1s de 9.500, incluidos 200 ni\u00f1os y 80 mujeres, informaron las instituciones que luchan por los derechos de los detenidos palestinos.<\/p>\n<p style=\"text-align: justify\">En un comunicado emitido este martes con motivo del D\u00eda de Prisionero Palestino que cae el 17 de abril de cada a\u00f1o, las instituciones destallaron que esta cifra no incluye a todos los arrestados por \u00a0las fuerzas israel\u00edes en la Franja de Gaza, los cuales est\u00e1n sujetos al \u201cdelito de la desaparici\u00f3n forzada\u201d.<\/p>\n<p style=\"text-align: justify\">Denunci\u00f3 que desde el 7 de octubre pasado fecha que marc\u00f3 el comienzo de la agresi\u00f3n israel\u00ed contra Gaza, los prisioneros han sido objeto de un ataque sin precedentes, ya que las autoridades del ocupante han intensificado las pr\u00e1cticas de tortura y la imposici\u00f3n de castigos colectivos y el aislamiento del mundo exterior.<\/p>\n<p style=\"text-align: justify\">Precis\u00f3 que el n\u00famero de periodistas detenidos ha llegado a 56, de los cuales 45 fueron capturados despu\u00e9s del 7 de octubre y siguen detenidos, entre ellos 4 mujeres periodistas.<\/p>\n<p>la<\/p>\n","protected":false},"excerpt":{"rendered":"<p>Jerusal\u00e9n ocupada, 16 abr (SANA) El n\u00famero de prisioneros en los centros de detenci\u00f3n del ocupante israel\u00ed ha llegado a m\u00e1s de 9.500, incluidos 200 ni\u00f1os y 80 mujeres, informaron las instituciones que luchan por los derechos de los detenidos palestinos. En un comunicado emitido este martes con motivo del D\u00eda de Prisionero Palestino que &hellip;<\/p>\n","protected":false},"author":24,"featured_media":327112,"comment_status":"closed","ping_status":"closed","sticky":false,"template":"","format":"standard","meta":{"footnotes":""},"categories":[597,456,16687,20724,7541],"tags":[],"class_list":["post-327111","post","type-post","status-publish","format-standard","has-post-thumbnail","","category-cinta-de-noticias","category-arabe-internacional-politica","category-internacionales","category-minuto-a-minuto","category-ultimas-noticias"],"_links":{"self":[{"href":"https:\/\/archive.sana.sy\/es\/index.php?rest_route=\/wp\/v2\/posts\/327111"}],"collection":[{"href":"https:\/\/archive.sana.sy\/es\/index.php?rest_route=\/wp\/v2\/posts"}],"about":[{"href":"https:\/\/archive.sana.sy\/es\/index.php?rest_route=\/wp\/v2\/types\/post"}],"author":[{"embeddable":true,"href":"https:\/\/archive.sana.sy\/es\/index.php?rest_route=\/wp\/v2\/users\/24"}],"replies":[{"embeddable":true,"href":"https:\/\/archive.sana.sy\/es\/index.php?rest_route=%2Fwp%2Fv2%2Fcomments&post=327111"}],"version-history":[{"count":1,"href":"https:\/\/archive.sana.sy\/es\/index.php?rest_route=\/wp\/v2\/posts\/327111\/revisions"}],"predecessor-version":[{"id":327113,"href":"https:\/\/archive.sana.sy\/es\/index.php?rest_route=\/wp\/v2\/posts\/327111\/revisions\/327113"}],"wp:featuredmedia":[{"embeddable":true,"href":"https:\/\/archive.sana.sy\/es\/index.php?rest_route=\/wp\/v2\/media\/327112"}],"wp:attachment":[{"href":"https:\/\/archive.sana.sy\/es\/index.php?rest_route=%2Fwp%2Fv2%2Fmedia&parent=327111"}],"wp:term":[{"taxonomy":"category","embeddable":true,"href":"https:\/\/archive.sana.sy\/es\/index.php?rest_route=%2Fwp%2Fv2%2Fcategories&post=327111"},{"taxonomy":"post_tag","embeddable":true,"href":"https:\/\/archive.sana.sy\/es\/index.php?rest_route=%2Fwp%2Fv2%2Ftags&post=327111"}],"curies":[{"name":"wp","href":"https:\/\/api.w.org\/{rel}","templated":true}]}}