{"id":327154,"date":"2024-04-17T14:51:19","date_gmt":"2024-04-17T11:51:19","guid":{"rendered":"https:\/\/sana.sy\/es\/?p=327154"},"modified":"2024-04-17T14:56:03","modified_gmt":"2024-04-17T11:56:03","slug":"el-golan-ocupado-pronto-volvera-a-su-madre-patria-siria-aseguran-los-golaneses-fotos","status":"publish","type":"post","link":"https:\/\/archive.sana.sy\/es\/?p=327154","title":{"rendered":"El Gol\u00e1n ocupado pronto volver\u00e1 a su madre patria Siria, aseguran los golaneses (+fotos)"},"content":{"rendered":"<p style=\"text-align: justify;\"><strong><span style=\"color: #800000;\">Gol\u00e1n sirio ocupado, 17 abr (SANA)<\/span>\u00a0<\/strong>Los sirios del Gol\u00e1n sirio ocupado conmemoraron el 78 aniversario de la evacuaci\u00f3n de los colonizadores franceses de los territorios sirios, mediante la realizaci\u00f3n de celebraciones y eventos en las plazas de las aldeas y poblados.<\/p>\n<p style=\"text-align: justify;\">El corresponsal de SANA en el Gol\u00e1n ocupado inform\u00f3 que los participantes en las ceremonias izaron la bandera nacional, fotograf\u00edas de los l\u00edderes de la revoluci\u00f3n siria que luchaban contra el ocupante franc\u00e9s, as\u00ed como del presidente Bashar al-Assad.<\/p>\n<p style=\"text-align: justify;\">Los presentes ratificaron la determinaci\u00f3n de continuar el camino de lucha que comenzaron los padres y abuelos contra el colonialismo y la agresi\u00f3n, y reiteraron su rechazo a la ocupaci\u00f3n israel\u00ed y sus pr\u00e1cticas criminales.<\/p>\n<p style=\"text-align: justify;\">Adem\u00e1s, confirmaron su apego a su identidad \u00e1rabe siria, al liderazgo y ej\u00e9rcito de su pa\u00eds, y aseguraron que la liberaci\u00f3n del Gol\u00e1n se ve m\u00e1s cerca que nunca.<\/p>\n<div id='gallery-1' class='gallery galleryid-327154 gallery-columns-1 gallery-size-full'><figure class='gallery-item'>\n\t\t\t<div class='gallery-icon landscape'>\n\t\t\t\t<a href='https:\/\/archive.sana.sy\/es\/?attachment_id=327156'><img loading=\"lazy\" decoding=\"async\" width=\"660\" height=\"372\" src=\"https:\/\/archive.sana.sy\/es\/wp-content\/uploads\/2024\/04\/El-Golan-ocupado-pronto-volvera-a-su-madre-patria-Siria-aseguran-los-golaneses2.jpeg\" class=\"attachment-full size-full\" alt=\"\" srcset=\"https:\/\/archive.sana.sy\/es\/wp-content\/uploads\/2024\/04\/El-Golan-ocupado-pronto-volvera-a-su-madre-patria-Siria-aseguran-los-golaneses2.jpeg 660w, https:\/\/archive.sana.sy\/es\/wp-content\/uploads\/2024\/04\/El-Golan-ocupado-pronto-volvera-a-su-madre-patria-Siria-aseguran-los-golaneses2-300x169.jpeg 300w, https:\/\/archive.sana.sy\/es\/wp-content\/uploads\/2024\/04\/El-Golan-ocupado-pronto-volvera-a-su-madre-patria-Siria-aseguran-los-golaneses2-150x85.jpeg 150w\" sizes=\"(max-width: 660px) 100vw, 660px\" \/><\/a>\n\t\t\t<\/div><\/figure><figure class='gallery-item'>\n\t\t\t<div class='gallery-icon landscape'>\n\t\t\t\t<a href='https:\/\/archive.sana.sy\/es\/?attachment_id=327157'><img loading=\"lazy\" decoding=\"async\" width=\"660\" height=\"372\" src=\"https:\/\/archive.sana.sy\/es\/wp-content\/uploads\/2024\/04\/El-Golan-ocupado-pronto-volvera-a-su-madre-patria-Siria-aseguran-los-golaneses3.jpeg\" class=\"attachment-full size-full\" alt=\"\" srcset=\"https:\/\/archive.sana.sy\/es\/wp-content\/uploads\/2024\/04\/El-Golan-ocupado-pronto-volvera-a-su-madre-patria-Siria-aseguran-los-golaneses3.jpeg 660w, https:\/\/archive.sana.sy\/es\/wp-content\/uploads\/2024\/04\/El-Golan-ocupado-pronto-volvera-a-su-madre-patria-Siria-aseguran-los-golaneses3-300x169.jpeg 300w, https:\/\/archive.sana.sy\/es\/wp-content\/uploads\/2024\/04\/El-Golan-ocupado-pronto-volvera-a-su-madre-patria-Siria-aseguran-los-golaneses3-150x85.jpeg 150w\" sizes=\"(max-width: 660px) 100vw, 660px\" \/><\/a>\n\t\t\t<\/div><\/figure><figure class='gallery-item'>\n\t\t\t<div class='gallery-icon landscape'>\n\t\t\t\t<a href='https:\/\/archive.sana.sy\/es\/?attachment_id=327158'><img loading=\"lazy\" decoding=\"async\" width=\"660\" height=\"372\" src=\"https:\/\/archive.sana.sy\/es\/wp-content\/uploads\/2024\/04\/El-Golan-ocupado-pronto-volvera-a-su-madre-patria-Siria-aseguran-los-golaneses4.jpeg\" class=\"attachment-full size-full\" alt=\"\" srcset=\"https:\/\/archive.sana.sy\/es\/wp-content\/uploads\/2024\/04\/El-Golan-ocupado-pronto-volvera-a-su-madre-patria-Siria-aseguran-los-golaneses4.jpeg 660w, https:\/\/archive.sana.sy\/es\/wp-content\/uploads\/2024\/04\/El-Golan-ocupado-pronto-volvera-a-su-madre-patria-Siria-aseguran-los-golaneses4-300x169.jpeg 300w, https:\/\/archive.sana.sy\/es\/wp-content\/uploads\/2024\/04\/El-Golan-ocupado-pronto-volvera-a-su-madre-patria-Siria-aseguran-los-golaneses4-150x85.jpeg 150w\" sizes=\"(max-width: 660px) 100vw, 660px\" \/><\/a>\n\t\t\t<\/div><\/figure>\n\t\t<\/div>\n\n<p style=\"text-align: justify;\">sm<\/p>\n","protected":false},"excerpt":{"rendered":"<p>Gol\u00e1n sirio ocupado, 17 abr (SANA)\u00a0Los sirios del Gol\u00e1n sirio ocupado conmemoraron el 78 aniversario de la evacuaci\u00f3n de los colonizadores franceses de los territorios sirios, mediante la realizaci\u00f3n de celebraciones y eventos en las plazas de las aldeas y poblados. El corresponsal de SANA en el Gol\u00e1n ocupado inform\u00f3 que los participantes en las &hellip;<\/p>\n","protected":false},"author":39,"featured_media":327155,"comment_status":"closed","ping_status":"closed","sticky":false,"template":"","format":"standard","meta":{"footnotes":""},"categories":[477,597,573,20724,476,7541],"tags":[],"class_list":["post-327154","post","type-post","status-publish","format-standard","has-post-thumbnail","","category-noticias-edulcorantes","category-cinta-de-noticias","category-la-realidad-de-los-acontecimientos-en-siria","category-minuto-a-minuto","category-locales","category-ultimas-noticias"],"_links":{"self":[{"href":"https:\/\/archive.sana.sy\/es\/index.php?rest_route=\/wp\/v2\/posts\/327154"}],"collection":[{"href":"https:\/\/archive.sana.sy\/es\/index.php?rest_route=\/wp\/v2\/posts"}],"about":[{"href":"https:\/\/archive.sana.sy\/es\/index.php?rest_route=\/wp\/v2\/types\/post"}],"author":[{"embeddable":true,"href":"https:\/\/archive.sana.sy\/es\/index.php?rest_route=\/wp\/v2\/users\/39"}],"replies":[{"embeddable":true,"href":"https:\/\/archive.sana.sy\/es\/index.php?rest_route=%2Fwp%2Fv2%2Fcomments&post=327154"}],"version-history":[{"count":4,"href":"https:\/\/archive.sana.sy\/es\/index.php?rest_route=\/wp\/v2\/posts\/327154\/revisions"}],"predecessor-version":[{"id":327162,"href":"https:\/\/archive.sana.sy\/es\/index.php?rest_route=\/wp\/v2\/posts\/327154\/revisions\/327162"}],"wp:featuredmedia":[{"embeddable":true,"href":"https:\/\/archive.sana.sy\/es\/index.php?rest_route=\/wp\/v2\/media\/327155"}],"wp:attachment":[{"href":"https:\/\/archive.sana.sy\/es\/index.php?rest_route=%2Fwp%2Fv2%2Fmedia&parent=327154"}],"wp:term":[{"taxonomy":"category","embeddable":true,"href":"https:\/\/archive.sana.sy\/es\/index.php?rest_route=%2Fwp%2Fv2%2Fcategories&post=327154"},{"taxonomy":"post_tag","embeddable":true,"href":"https:\/\/archive.sana.sy\/es\/index.php?rest_route=%2Fwp%2Fv2%2Ftags&post=327154"}],"curies":[{"name":"wp","href":"https:\/\/api.w.org\/{rel}","templated":true}]}}