{"id":32717,"date":"2015-11-03T13:36:30","date_gmt":"2015-11-03T11:36:30","guid":{"rendered":"http:\/\/sana.sy\/es\/?p=32717"},"modified":"2015-11-03T18:58:55","modified_gmt":"2015-11-03T16:58:55","slug":"bogdanov-anuncia-posible-reunion-entre-el-gobierno-sirio-y-la-oposicion-la-proxima-semana","status":"publish","type":"post","link":"https:\/\/archive.sana.sy\/es\/?p=32717","title":{"rendered":"Bogdanov anuncia posible reuni\u00f3n entre el gobierno sirio y la oposici\u00f3n la pr\u00f3xima semana"},"content":{"rendered":"<p><span style=\"color: #800000\">Mosc\u00fa, SANA<\/span><\/p>\n<p>El viceministro de Exteriores y enviado del presidente ruso a Oriente Medio y \u00c1frica, Mikhail Bogdanov, dijo que una reuni\u00f3n se celebrar\u00eda la pr\u00f3xima semana en Mosc\u00fa entre representantes del gobierno sirio y la oposici\u00f3n.<\/p>\n<p>Bogdanov agreg\u00f3 en declaraciones a la agencia rusa Tass, que la reuni\u00f3n est\u00e1 prevista para la pr\u00f3xima semana, se\u00f1alando que Mosc\u00fa est\u00e1 esperando la evaluaci\u00f3n del enviado de la ONU a Siria, Staffan de Mistura, sobre los resultados de su visita a Damasco.<\/p>\n<p>Por otro lado, Mar\u00eda Zakharova, la portavoz del Ministerio de Exteriores ruso, dijo a la agencia rusa Sputnik que una reuni\u00f3n se celebrar\u00e1 el mi\u00e9rcoles en Mosc\u00fa entre el ministro de Exteriores, Sergei Lavrov, y de Mistura, a fin debatir el proceso pol\u00edtico en Siria y el lanzamiento de un di\u00e1logo real entre el gobierno sirio y la oposici\u00f3n.<\/p>\n<p>Asimismo, Zaj\u00e1rova revel\u00f3 que hay Rusia, EEUU y Arabia Saudita han coincidido parcialmente sobre la lista de los bandos opositores sirios que puedan mantener negociaciones con el Gobierno sirio.<\/p>\n<p>Entrevistada por la emisora de radio \u201cEjo Moskvi\u201d, Zaj\u00e1rova se\u00f1al\u00f3 que los expertos de los pa\u00edses que participaron en la reuni\u00f3n de Viena deben hacer contactos para determinar el c\u00edrculo de las personas consideradas como terroristas.<\/p>\n<p>En la reuni\u00f3n de Viena que se hab\u00eda celebrado el 29 de octubre entre los cancilleres de Rusia, EEUU, Arabia Saudita y Turqu\u00eda, la parte rusa entreg\u00f3 a los protagonistas una lista que incluy\u00f3 a 38 personalidades de la oposici\u00f3n siria que podr\u00edan ser invitados a iniciar negociaciones con el Gobierno sirio.<\/p>\n<p>&nbsp;<\/p>\n<p>&nbsp;<\/p>\n<p><span style=\"color: #000000\">Fady M., Hala B., Lynn A.<\/span><\/p>\n","protected":false},"excerpt":{"rendered":"<p>Mosc\u00fa, SANA El viceministro de Exteriores y enviado del presidente ruso a Oriente Medio y \u00c1frica, Mikhail Bogdanov, dijo que una reuni\u00f3n se celebrar\u00eda la pr\u00f3xima semana en Mosc\u00fa entre representantes del gobierno sirio y la oposici\u00f3n. Bogdanov agreg\u00f3 en declaraciones a la agencia rusa Tass, que la reuni\u00f3n est\u00e1 prevista para la pr\u00f3xima semana, &hellip;<\/p>\n","protected":false},"author":1,"featured_media":32719,"comment_status":"closed","ping_status":"closed","sticky":false,"template":"","format":"standard","meta":{"footnotes":""},"categories":[597,456,457,576],"tags":[7271],"class_list":["post-32717","post","type-post","status-publish","format-standard","has-post-thumbnail","","category-cinta-de-noticias","category-arabe-internacional-politica","category-noticias-arabe-internacional-politica","category-noticias-politicas","tag-bogdanov-anuncia-posible-reunion-entre-el-gobierno-sirio-y-la-oposicion-la-proxima-semana"],"_links":{"self":[{"href":"https:\/\/archive.sana.sy\/es\/index.php?rest_route=\/wp\/v2\/posts\/32717"}],"collection":[{"href":"https:\/\/archive.sana.sy\/es\/index.php?rest_route=\/wp\/v2\/posts"}],"about":[{"href":"https:\/\/archive.sana.sy\/es\/index.php?rest_route=\/wp\/v2\/types\/post"}],"author":[{"embeddable":true,"href":"https:\/\/archive.sana.sy\/es\/index.php?rest_route=\/wp\/v2\/users\/1"}],"replies":[{"embeddable":true,"href":"https:\/\/archive.sana.sy\/es\/index.php?rest_route=%2Fwp%2Fv2%2Fcomments&post=32717"}],"version-history":[{"count":0,"href":"https:\/\/archive.sana.sy\/es\/index.php?rest_route=\/wp\/v2\/posts\/32717\/revisions"}],"wp:featuredmedia":[{"embeddable":true,"href":"https:\/\/archive.sana.sy\/es\/index.php?rest_route=\/wp\/v2\/media\/32719"}],"wp:attachment":[{"href":"https:\/\/archive.sana.sy\/es\/index.php?rest_route=%2Fwp%2Fv2%2Fmedia&parent=32717"}],"wp:term":[{"taxonomy":"category","embeddable":true,"href":"https:\/\/archive.sana.sy\/es\/index.php?rest_route=%2Fwp%2Fv2%2Fcategories&post=32717"},{"taxonomy":"post_tag","embeddable":true,"href":"https:\/\/archive.sana.sy\/es\/index.php?rest_route=%2Fwp%2Fv2%2Ftags&post=32717"}],"curies":[{"name":"wp","href":"https:\/\/api.w.org\/{rel}","templated":true}]}}