{"id":327214,"date":"2024-04-18T13:49:07","date_gmt":"2024-04-18T10:49:07","guid":{"rendered":"https:\/\/sana.sy\/es\/?p=327214"},"modified":"2024-04-18T15:21:51","modified_gmt":"2024-04-18T12:21:51","slug":"decenas-de-palestinos-entre-muertos-y-heridos-en-el-dia-195-de-la-agresion-israeli-contra-gaza","status":"publish","type":"post","link":"https:\/\/archive.sana.sy\/es\/?p=327214","title":{"rendered":"Decenas de palestinos entre muertos y heridos en el d\u00eda 195 de la agresi\u00f3n israel\u00ed contra Gaza"},"content":{"rendered":"<p style=\"text-align: justify;\"><span style=\"color: #800000;\"><strong>Jerusal\u00e9n ocupada, 18 abr (SANA)\u00a0<\/strong><\/span> \u00a0El ocupante israel\u00ed contin\u00faa su brutal agresi\u00f3n contra la asolada Franja de Gaza por tierra, aire y mar en el 195 d\u00eda consecutivo.<\/p>\n<p style=\"text-align: justify;\">Los medios palestinos informaron que la artiller\u00eda de la ocupaci\u00f3n israel\u00ed bombarde\u00f3 las zonas sur, suroeste y este de la ciudad de Gaza, lo que provoc\u00f3 decenas de muertos y heridos.<\/p>\n<p style=\"text-align: justify;\">Adem\u00e1s, las cazas israel\u00edes bombardearon las viviendas en Tal al-Hawa y el campamento de Al-Shate en la ciudad de Gaza, causando lesiones a varios palestinos.<\/p>\n<p style=\"text-align: justify;\">Los equipos de Defensa Civil recuperaron los cuerpos de decenas de civiles muertos despu\u00e9s de que las fuerzas de ocupaci\u00f3n se retiraron del norte de Nuseirat, en el centro de Gaza, mientras que muchos civiles todav\u00eda se encuentran bajo los escombros.<\/p>\n<p style=\"text-align: justify;\">La Defensa Civil tambi\u00e9n recuper\u00f3 los cuerpos de 11 personas de diversas zonas de la ciudad de Khan Yunis, al sur de Gaza, y de otros 8 de una familia desplazada, entre ellos 5 ni\u00f1os y 2 mujeres, luego de un bombardeo sionista contra el barrio Al-Salam, al sur de la ciudad de Rafah.<\/p>\n<p style=\"text-align: justify;\">La v\u00edspera, el Ministerio de Salud palestino anunci\u00f3 que el n\u00famero de las v\u00edctimas de la agresi\u00f3n israel\u00ed a la Franja de Gaza, desde el siete de octubre pasado, ascendi\u00f3 a m\u00e1s de 33.899 muertos y 76.664 heridos.<\/p>\n<p style=\"text-align: justify;\">rr<\/p>\n","protected":false},"excerpt":{"rendered":"<p>Jerusal\u00e9n ocupada, 18 abr (SANA)\u00a0 \u00a0El ocupante israel\u00ed contin\u00faa su brutal agresi\u00f3n contra la asolada Franja de Gaza por tierra, aire y mar en el 195 d\u00eda consecutivo. Los medios palestinos informaron que la artiller\u00eda de la ocupaci\u00f3n israel\u00ed bombarde\u00f3 las zonas sur, suroeste y este de la ciudad de Gaza, lo que provoc\u00f3 decenas &hellip;<\/p>\n","protected":false},"author":31,"featured_media":327215,"comment_status":"closed","ping_status":"closed","sticky":false,"template":"","format":"standard","meta":{"footnotes":""},"categories":[597,456,16687,20724,583],"tags":[11331,12002,1494],"class_list":["post-327214","post","type-post","status-publish","format-standard","has-post-thumbnail","","category-cinta-de-noticias","category-arabe-internacional-politica","category-internacionales","category-minuto-a-minuto","category-slide","tag-agresion","tag-gaza","tag-palestina"],"_links":{"self":[{"href":"https:\/\/archive.sana.sy\/es\/index.php?rest_route=\/wp\/v2\/posts\/327214"}],"collection":[{"href":"https:\/\/archive.sana.sy\/es\/index.php?rest_route=\/wp\/v2\/posts"}],"about":[{"href":"https:\/\/archive.sana.sy\/es\/index.php?rest_route=\/wp\/v2\/types\/post"}],"author":[{"embeddable":true,"href":"https:\/\/archive.sana.sy\/es\/index.php?rest_route=\/wp\/v2\/users\/31"}],"replies":[{"embeddable":true,"href":"https:\/\/archive.sana.sy\/es\/index.php?rest_route=%2Fwp%2Fv2%2Fcomments&post=327214"}],"version-history":[{"count":1,"href":"https:\/\/archive.sana.sy\/es\/index.php?rest_route=\/wp\/v2\/posts\/327214\/revisions"}],"predecessor-version":[{"id":327216,"href":"https:\/\/archive.sana.sy\/es\/index.php?rest_route=\/wp\/v2\/posts\/327214\/revisions\/327216"}],"wp:featuredmedia":[{"embeddable":true,"href":"https:\/\/archive.sana.sy\/es\/index.php?rest_route=\/wp\/v2\/media\/327215"}],"wp:attachment":[{"href":"https:\/\/archive.sana.sy\/es\/index.php?rest_route=%2Fwp%2Fv2%2Fmedia&parent=327214"}],"wp:term":[{"taxonomy":"category","embeddable":true,"href":"https:\/\/archive.sana.sy\/es\/index.php?rest_route=%2Fwp%2Fv2%2Fcategories&post=327214"},{"taxonomy":"post_tag","embeddable":true,"href":"https:\/\/archive.sana.sy\/es\/index.php?rest_route=%2Fwp%2Fv2%2Ftags&post=327214"}],"curies":[{"name":"wp","href":"https:\/\/api.w.org\/{rel}","templated":true}]}}