{"id":327220,"date":"2024-04-18T14:52:20","date_gmt":"2024-04-18T11:52:20","guid":{"rendered":"https:\/\/sana.sy\/es\/?p=327220"},"modified":"2024-04-18T19:21:46","modified_gmt":"2024-04-18T16:21:46","slug":"canciller-sirio-recibe-cartas-credenciales-del-jefe-del-alto-comisionado-de-la-onu-para-los-refugiados","status":"publish","type":"post","link":"https:\/\/archive.sana.sy\/es\/?p=327220","title":{"rendered":"Canciller sirio recibe cartas credenciales del Jefe del Alto Comisionado de la ONU para los Refugiados"},"content":{"rendered":"<p style=\"text-align: justify;\"><span style=\"color: #800000;\"><strong>Damasco, 18 abr (SANA)<\/strong> <\/span>El Ministro de Relaciones Exteriores y Expatriados, Faisal Al-Mikdad, recibi\u00f3 hoy las cartas credenciales de Gonzalo Gabriel Vargas Llosa, jefe de la Misi\u00f3n del Alto Comisionado de las Naciones Unidas para los Refugiados.<\/p>\n<p style=\"text-align: justify;\">Al-Mikdad indic\u00f3 que Siria acoge con benepl\u00e1cito trabajar con la Comisi\u00f3n y facilitar su trabajo en Siria de una manera que contribuya a mejorar las condiciones de los desplazados que fueron obligados por el terrorismo a abandonar sus hogares.<\/p>\n<p style=\"text-align: justify;\">Adem\u00e1s, el Canciller sirio subray\u00f3 que Siria acoge con satisfacci\u00f3n el retorno de todos sus habitantes, que se vieron obligados a abandonar el pa\u00eds por varias circunstancias, especialmente el terrorismo, y aborda la cuesti\u00f3n desde un punto de vista puramente humanitario, rechazando la politizaci\u00f3n practicada por los pa\u00edses occidentales, que fueron la principal raz\u00f3n del desplazamiento de ciudadanos sirios y sigue imponiendo medidas unilaterales e ilegales que aumentan su sufrimiento.<\/p>\n<p style=\"text-align: justify;\">A su vez, el funcionario de la ONU expres\u00f3 su satisfacci\u00f3n por el trabajo en curso con el Gobierno sirio y todas las facilidades proporcionadas por Siria a la Comisi\u00f3n en Damasco y otras gobernaciones.<\/p>\n<p style=\"text-align: justify;\">Asimismo, enfatiz\u00f3 la necesidad de trabajar constructivamente entre todas las partes para resolver los problemas pendientes y movilizar a la comunidad internacional para proporcionar m\u00e1s apoyo.<\/p>\n<p style=\"text-align: justify;\"><img loading=\"lazy\" decoding=\"async\" class=\"wp-image-327222 size-full aligncenter\" src=\"http:\/\/sana.sy\/es\/wp-content\/uploads\/2024\/04\/Canciller-sirio-recibe-cartas-credenciales-del-Jefe-del-Alto-Comisionado-de-la-ONU-para-los-Refugiados0.jpeg\" alt=\"\" width=\"660\" height=\"440\" srcset=\"https:\/\/archive.sana.sy\/es\/wp-content\/uploads\/2024\/04\/Canciller-sirio-recibe-cartas-credenciales-del-Jefe-del-Alto-Comisionado-de-la-ONU-para-los-Refugiados0.jpeg 660w, https:\/\/archive.sana.sy\/es\/wp-content\/uploads\/2024\/04\/Canciller-sirio-recibe-cartas-credenciales-del-Jefe-del-Alto-Comisionado-de-la-ONU-para-los-Refugiados0-300x200.jpeg 300w, https:\/\/archive.sana.sy\/es\/wp-content\/uploads\/2024\/04\/Canciller-sirio-recibe-cartas-credenciales-del-Jefe-del-Alto-Comisionado-de-la-ONU-para-los-Refugiados0-150x100.jpeg 150w\" sizes=\"(max-width: 660px) 100vw, 660px\" \/><\/p>\n<p>sm<\/p>\n","protected":false},"excerpt":{"rendered":"<p>Damasco, 18 abr (SANA) El Ministro de Relaciones Exteriores y Expatriados, Faisal Al-Mikdad, recibi\u00f3 hoy las cartas credenciales de Gonzalo Gabriel Vargas Llosa, jefe de la Misi\u00f3n del Alto Comisionado de las Naciones Unidas para los Refugiados. Al-Mikdad indic\u00f3 que Siria acoge con benepl\u00e1cito trabajar con la Comisi\u00f3n y facilitar su trabajo en Siria de &hellip;<\/p>\n","protected":false},"author":39,"featured_media":327221,"comment_status":"closed","ping_status":"closed","sticky":false,"template":"","format":"standard","meta":{"footnotes":""},"categories":[597,20724,476,467,7541],"tags":[],"class_list":["post-327220","post","type-post","status-publish","format-standard","has-post-thumbnail","","category-cinta-de-noticias","category-minuto-a-minuto","category-locales","category-siria-y-el-mundo","category-ultimas-noticias"],"_links":{"self":[{"href":"https:\/\/archive.sana.sy\/es\/index.php?rest_route=\/wp\/v2\/posts\/327220"}],"collection":[{"href":"https:\/\/archive.sana.sy\/es\/index.php?rest_route=\/wp\/v2\/posts"}],"about":[{"href":"https:\/\/archive.sana.sy\/es\/index.php?rest_route=\/wp\/v2\/types\/post"}],"author":[{"embeddable":true,"href":"https:\/\/archive.sana.sy\/es\/index.php?rest_route=\/wp\/v2\/users\/39"}],"replies":[{"embeddable":true,"href":"https:\/\/archive.sana.sy\/es\/index.php?rest_route=%2Fwp%2Fv2%2Fcomments&post=327220"}],"version-history":[{"count":11,"href":"https:\/\/archive.sana.sy\/es\/index.php?rest_route=\/wp\/v2\/posts\/327220\/revisions"}],"predecessor-version":[{"id":327239,"href":"https:\/\/archive.sana.sy\/es\/index.php?rest_route=\/wp\/v2\/posts\/327220\/revisions\/327239"}],"wp:featuredmedia":[{"embeddable":true,"href":"https:\/\/archive.sana.sy\/es\/index.php?rest_route=\/wp\/v2\/media\/327221"}],"wp:attachment":[{"href":"https:\/\/archive.sana.sy\/es\/index.php?rest_route=%2Fwp%2Fv2%2Fmedia&parent=327220"}],"wp:term":[{"taxonomy":"category","embeddable":true,"href":"https:\/\/archive.sana.sy\/es\/index.php?rest_route=%2Fwp%2Fv2%2Fcategories&post=327220"},{"taxonomy":"post_tag","embeddable":true,"href":"https:\/\/archive.sana.sy\/es\/index.php?rest_route=%2Fwp%2Fv2%2Ftags&post=327220"}],"curies":[{"name":"wp","href":"https:\/\/api.w.org\/{rel}","templated":true}]}}