{"id":327227,"date":"2024-04-18T16:25:12","date_gmt":"2024-04-18T13:25:12","guid":{"rendered":"https:\/\/sana.sy\/es\/?p=327227"},"modified":"2024-04-18T16:25:12","modified_gmt":"2024-04-18T13:25:12","slug":"siria-y-abjasia-analizan-relaciones-bilaterales-entre-ambos-paises","status":"publish","type":"post","link":"https:\/\/archive.sana.sy\/es\/?p=327227","title":{"rendered":"Siria y Abjasia analizan relaciones bilaterales entre ambos pa\u00edses"},"content":{"rendered":"<p style=\"text-align: justify;\"><span style=\"color: #800000;\"><strong>Damasco, 18 abr (SANA)\u00a0<\/strong><\/span> El ministro sirio de Asuntos Exteriores y Expatriados, Faisal Al-Mikdad, recibi\u00f3 una llamada telef\u00f3nica de su hom\u00f3logo de la Rep\u00fablica de Abjasia, Inal Ardizinba, en la cual el Canciller abjasio felicit\u00f3 a Al- Mikdad por el aniversario 78 de la Independencia de Siria y dese\u00f3 al pueblo y liderazgo sirios estabilidad y bienestar.<\/p>\n<p style=\"text-align: justify;\">Durante la llamada, los dos ministros abordaron los \u00faltimos acontecimientos en la regi\u00f3n.<\/p>\n<p style=\"text-align: justify;\">Adem\u00e1s, ambas partes analizaron los lazos entre los dos pa\u00edses amigos, y destacaron la importancia de continuar la coordinaci\u00f3n y cooperaci\u00f3n en diversos campos.<\/p>\n<p style=\"text-align: justify;\">sm<\/p>\n","protected":false},"excerpt":{"rendered":"<p>Damasco, 18 abr (SANA)\u00a0 El ministro sirio de Asuntos Exteriores y Expatriados, Faisal Al-Mikdad, recibi\u00f3 una llamada telef\u00f3nica de su hom\u00f3logo de la Rep\u00fablica de Abjasia, Inal Ardizinba, en la cual el Canciller abjasio felicit\u00f3 a Al- Mikdad por el aniversario 78 de la Independencia de Siria y dese\u00f3 al pueblo y liderazgo sirios estabilidad &hellip;<\/p>\n","protected":false},"author":39,"featured_media":327228,"comment_status":"closed","ping_status":"closed","sticky":false,"template":"","format":"standard","meta":{"footnotes":""},"categories":[597,20724,467,7541],"tags":[],"class_list":["post-327227","post","type-post","status-publish","format-standard","has-post-thumbnail","","category-cinta-de-noticias","category-minuto-a-minuto","category-siria-y-el-mundo","category-ultimas-noticias"],"_links":{"self":[{"href":"https:\/\/archive.sana.sy\/es\/index.php?rest_route=\/wp\/v2\/posts\/327227"}],"collection":[{"href":"https:\/\/archive.sana.sy\/es\/index.php?rest_route=\/wp\/v2\/posts"}],"about":[{"href":"https:\/\/archive.sana.sy\/es\/index.php?rest_route=\/wp\/v2\/types\/post"}],"author":[{"embeddable":true,"href":"https:\/\/archive.sana.sy\/es\/index.php?rest_route=\/wp\/v2\/users\/39"}],"replies":[{"embeddable":true,"href":"https:\/\/archive.sana.sy\/es\/index.php?rest_route=%2Fwp%2Fv2%2Fcomments&post=327227"}],"version-history":[{"count":1,"href":"https:\/\/archive.sana.sy\/es\/index.php?rest_route=\/wp\/v2\/posts\/327227\/revisions"}],"predecessor-version":[{"id":327229,"href":"https:\/\/archive.sana.sy\/es\/index.php?rest_route=\/wp\/v2\/posts\/327227\/revisions\/327229"}],"wp:featuredmedia":[{"embeddable":true,"href":"https:\/\/archive.sana.sy\/es\/index.php?rest_route=\/wp\/v2\/media\/327228"}],"wp:attachment":[{"href":"https:\/\/archive.sana.sy\/es\/index.php?rest_route=%2Fwp%2Fv2%2Fmedia&parent=327227"}],"wp:term":[{"taxonomy":"category","embeddable":true,"href":"https:\/\/archive.sana.sy\/es\/index.php?rest_route=%2Fwp%2Fv2%2Fcategories&post=327227"},{"taxonomy":"post_tag","embeddable":true,"href":"https:\/\/archive.sana.sy\/es\/index.php?rest_route=%2Fwp%2Fv2%2Ftags&post=327227"}],"curies":[{"name":"wp","href":"https:\/\/api.w.org\/{rel}","templated":true}]}}