{"id":327246,"date":"2024-04-19T08:56:44","date_gmt":"2024-04-19T05:56:44","guid":{"rendered":"https:\/\/sana.sy\/es\/?p=327246"},"modified":"2024-04-19T08:56:44","modified_gmt":"2024-04-19T05:56:44","slug":"iran-repele-ataque-y-confirma-derribo-de-varios-drones","status":"publish","type":"post","link":"https:\/\/archive.sana.sy\/es\/?p=327246","title":{"rendered":"Ir\u00e1n repele ataque y confirma derribo de varios drones"},"content":{"rendered":"<p style=\"text-align: justify;\"><span style=\"color: #800000;\"><strong>Teher\u00e1n, 19 abr (SANA)<\/strong><\/span> Las defensas antia\u00e9reas de Ir\u00e1n derribaron varios drones este viernes por la madrugada a baja altura en la provincia de Isfah\u00e1n, en el centro del pa\u00eds.<\/p>\n<p style=\"text-align: justify;\">Seg\u00fan inform\u00f3 la agencia de noticias iran\u00ed &#8220;IRNA&#8221;, el derribo de los drones no se llev\u00f3 a cabo con sistemas de defensa de misiles, sino con defensas terrestres a baja altura, lo que provoc\u00f3 explosiones.<\/p>\n<p style=\"text-align: justify;\">IRNA confirm\u00f3 que no hubo ning\u00fan ataque con misiles desde fuera del pa\u00eds.<\/p>\n<p style=\"text-align: justify;\">La agencia dijo que la situaci\u00f3n en la provincia de Isfah\u00e1n y sus instalaciones nucleares est\u00e1 completamente segura, y confirm\u00f3 que no se produjeron explosiones en ninguna instalaci\u00f3n sensible en la ciudad de Tabriz, en el noroeste del pa\u00eds.<\/p>\n<p style=\"text-align: justify;\">Asimismo, desminti\u00f3 los informes sobre la celebraci\u00f3n de una reuni\u00f3n de emergencia del Consejo Supremo de Seguridad Nacional de Ir\u00e1n.<\/p>\n<p style=\"text-align: justify;\">Seg\u00fan fuentes iran\u00edes, se escucharon tres explosiones en la ciudad de Isfah\u00e1n despu\u00e9s de enfrentar las defensas terrestres a blancos sospechosos en el aire cerca de Isfah\u00e1n, cerca de una base militar al noroeste de la ciudad.<\/p>\n<p style=\"text-align: justify;\">Las investigaciones de campo en Isfah\u00e1n mostraron que las instalaciones importantes en esta provincia, especialmente las nucleares, est\u00e1n completamente seguras y no se inform\u00f3 de ning\u00fan incidente en ellas, seg\u00fan inform\u00f3 &#8220;IRNA&#8221;.<\/p>\n<p style=\"text-align: justify;\">Tambi\u00e9n, la agencia afirm\u00f3 que hasta el momento no se reportaron lesiones ni explosiones de gran alcance que representen ninguna amenaza a\u00e9rea.<\/p>\n<p style=\"text-align: justify;\">Por su parte, la Televisi\u00f3n Estatal de Ir\u00e1n cit\u00f3 fuentes que confirmaron que ninguna instalaci\u00f3n nuclear o militar en Isfah\u00e1n hab\u00eda sido atacada desde fuera del pa\u00eds.<\/p>\n<p style=\"text-align: justify;\">El comandante del ej\u00e9rcito iran\u00ed en Isfah\u00e1n, el general Mehn Dost, declar\u00f3 que los sonidos escuchados al este de la ciudad son el resultado de la defensa antia\u00e9rea contra un blanco sospechoso.<\/p>\n<p style=\"text-align: justify;\">Asimismo, inform\u00f3 que no se registraron p\u00e9rdidas ni da\u00f1os durante la operaci\u00f3n de las defensa antia\u00e9reas contra el blanco en Isfah\u00e1n.<\/p>\n<p style=\"text-align: justify;\">La agencia Fars cit\u00f3 fuentes informadas que enfatizaron que las instalaciones nucleares en Isfah\u00e1n est\u00e1n completamente seguras.<\/p>\n<p style=\"text-align: justify;\">En el mismo contexto, la Secretar\u00eda General del Consejo Supremo de Seguridad Nacional iran\u00ed neg\u00f3 los rumores sobre una reuni\u00f3n de emergencia del consejo, confirmando que no hay necesidad de tal reuni\u00f3n.<\/p>\n<p style=\"text-align: justify;\">Mientras tanto, fuentes iran\u00edes informaron que no hay agresi\u00f3n externa contra Ir\u00e1n, y explicaron que lo que se est\u00e1 difundiendo son mentiras y una guerra de desinformaci\u00f3n confusa.<\/p>\n<p style=\"text-align: justify;\">Agregaron que los medios de comunicaci\u00f3n estadounidenses c\u00f3mplices y sospechosos est\u00e1n librando una guerra de desinformaci\u00f3n en nombre de la ocupaci\u00f3n israel\u00ed.<\/p>\n<p style=\"text-align: justify;\"><em><strong>ah\/fm<\/strong><\/em><\/p>\n","protected":false},"excerpt":{"rendered":"<p>Teher\u00e1n, 19 abr (SANA) Las defensas antia\u00e9reas de Ir\u00e1n derribaron varios drones este viernes por la madrugada a baja altura en la provincia de Isfah\u00e1n, en el centro del pa\u00eds. Seg\u00fan inform\u00f3 la agencia de noticias iran\u00ed &#8220;IRNA&#8221;, el derribo de los drones no se llev\u00f3 a cabo con sistemas de defensa de misiles, sino &hellip;<\/p>\n","protected":false},"author":30,"featured_media":327247,"comment_status":"closed","ping_status":"closed","sticky":false,"template":"","format":"standard","meta":{"footnotes":""},"categories":[597,456,20724,583],"tags":[],"class_list":["post-327246","post","type-post","status-publish","format-standard","has-post-thumbnail","","category-cinta-de-noticias","category-arabe-internacional-politica","category-minuto-a-minuto","category-slide"],"_links":{"self":[{"href":"https:\/\/archive.sana.sy\/es\/index.php?rest_route=\/wp\/v2\/posts\/327246"}],"collection":[{"href":"https:\/\/archive.sana.sy\/es\/index.php?rest_route=\/wp\/v2\/posts"}],"about":[{"href":"https:\/\/archive.sana.sy\/es\/index.php?rest_route=\/wp\/v2\/types\/post"}],"author":[{"embeddable":true,"href":"https:\/\/archive.sana.sy\/es\/index.php?rest_route=\/wp\/v2\/users\/30"}],"replies":[{"embeddable":true,"href":"https:\/\/archive.sana.sy\/es\/index.php?rest_route=%2Fwp%2Fv2%2Fcomments&post=327246"}],"version-history":[{"count":1,"href":"https:\/\/archive.sana.sy\/es\/index.php?rest_route=\/wp\/v2\/posts\/327246\/revisions"}],"predecessor-version":[{"id":327248,"href":"https:\/\/archive.sana.sy\/es\/index.php?rest_route=\/wp\/v2\/posts\/327246\/revisions\/327248"}],"wp:featuredmedia":[{"embeddable":true,"href":"https:\/\/archive.sana.sy\/es\/index.php?rest_route=\/wp\/v2\/media\/327247"}],"wp:attachment":[{"href":"https:\/\/archive.sana.sy\/es\/index.php?rest_route=%2Fwp%2Fv2%2Fmedia&parent=327246"}],"wp:term":[{"taxonomy":"category","embeddable":true,"href":"https:\/\/archive.sana.sy\/es\/index.php?rest_route=%2Fwp%2Fv2%2Fcategories&post=327246"},{"taxonomy":"post_tag","embeddable":true,"href":"https:\/\/archive.sana.sy\/es\/index.php?rest_route=%2Fwp%2Fv2%2Ftags&post=327246"}],"curies":[{"name":"wp","href":"https:\/\/api.w.org\/{rel}","templated":true}]}}