{"id":327256,"date":"2024-04-19T13:02:54","date_gmt":"2024-04-19T10:02:54","guid":{"rendered":"https:\/\/sana.sy\/es\/?p=327256"},"modified":"2024-04-19T13:02:54","modified_gmt":"2024-04-19T10:02:54","slug":"siria-condena-veto-de-eeuu-contra-membresia-plena-de-palestina-en-la-onu","status":"publish","type":"post","link":"https:\/\/archive.sana.sy\/es\/?p=327256","title":{"rendered":"Siria condena veto de EEUU contra membres\u00eda plena de Palestina en la ONU"},"content":{"rendered":"<p style=\"text-align: justify;\"><span style=\"color: #800000;\"><strong>Damasco, 19 abr (SANA)<\/strong><\/span> El Ministerio de Asuntos Exteriores y Expatriados afirm\u00f3 en un comunicado la condena en\u00e9rgica de Siria al veto de Estados Unidos contra el proyecto de resoluci\u00f3n presentado por Argelia ante el Consejo de Seguridad para otorgar a Palestina membres\u00eda plena en las Naciones Unidas.<\/p>\n<p style=\"text-align: justify;\">\u201cLa obstrucci\u00f3n de Estados Unidos al Consejo de Seguridad en asumir su responsabilidad hist\u00f3rica en apoyar los leg\u00edtimos derechos del pueblo palestino constituye otra mancha vergonzosa a\u00f1adida a su larga historia de golpear y socavar los cimientos de la acci\u00f3n internacional colectiva\u201d, rez\u00f3 el comunicado de la Canciller\u00eda.<\/p>\n<p style=\"text-align: justify;\">Agreg\u00f3 que el veto de Estados Unidos contra la membres\u00eda plena de Palestina en la ONU encarna la parcialidad ciega de Washington a favor del r\u00e9gimen de ocupaci\u00f3n israel\u00ed.<\/p>\n<p style=\"text-align: justify;\">La Canciller\u00eda enfatiz\u00f3 que obstaculizar el establecimiento del Estado palestino independiente y soberano en el territorio palestino solo prolongar\u00e1 la inseguridad y la inestabilidad en el Medio Oriente, que surgieron originalmente de la continua ocupaci\u00f3n israel\u00ed de tierras \u00e1rabes y su perpetraci\u00f3n de los cr\u00edmenes m\u00e1s atroces de agresi\u00f3n contra sus pueblos.<\/p>\n<p style=\"text-align: justify;\"><em><strong>ah<\/strong><\/em><\/p>\n","protected":false},"excerpt":{"rendered":"<p>Damasco, 19 abr (SANA) El Ministerio de Asuntos Exteriores y Expatriados afirm\u00f3 en un comunicado la condena en\u00e9rgica de Siria al veto de Estados Unidos contra el proyecto de resoluci\u00f3n presentado por Argelia ante el Consejo de Seguridad para otorgar a Palestina membres\u00eda plena en las Naciones Unidas. \u201cLa obstrucci\u00f3n de Estados Unidos al Consejo &hellip;<\/p>\n","protected":false},"author":30,"featured_media":327257,"comment_status":"closed","ping_status":"closed","sticky":false,"template":"","format":"standard","meta":{"footnotes":""},"categories":[597,20724,467,583],"tags":[],"class_list":["post-327256","post","type-post","status-publish","format-standard","has-post-thumbnail","","category-cinta-de-noticias","category-minuto-a-minuto","category-siria-y-el-mundo","category-slide"],"_links":{"self":[{"href":"https:\/\/archive.sana.sy\/es\/index.php?rest_route=\/wp\/v2\/posts\/327256"}],"collection":[{"href":"https:\/\/archive.sana.sy\/es\/index.php?rest_route=\/wp\/v2\/posts"}],"about":[{"href":"https:\/\/archive.sana.sy\/es\/index.php?rest_route=\/wp\/v2\/types\/post"}],"author":[{"embeddable":true,"href":"https:\/\/archive.sana.sy\/es\/index.php?rest_route=\/wp\/v2\/users\/30"}],"replies":[{"embeddable":true,"href":"https:\/\/archive.sana.sy\/es\/index.php?rest_route=%2Fwp%2Fv2%2Fcomments&post=327256"}],"version-history":[{"count":1,"href":"https:\/\/archive.sana.sy\/es\/index.php?rest_route=\/wp\/v2\/posts\/327256\/revisions"}],"predecessor-version":[{"id":327258,"href":"https:\/\/archive.sana.sy\/es\/index.php?rest_route=\/wp\/v2\/posts\/327256\/revisions\/327258"}],"wp:featuredmedia":[{"embeddable":true,"href":"https:\/\/archive.sana.sy\/es\/index.php?rest_route=\/wp\/v2\/media\/327257"}],"wp:attachment":[{"href":"https:\/\/archive.sana.sy\/es\/index.php?rest_route=%2Fwp%2Fv2%2Fmedia&parent=327256"}],"wp:term":[{"taxonomy":"category","embeddable":true,"href":"https:\/\/archive.sana.sy\/es\/index.php?rest_route=%2Fwp%2Fv2%2Fcategories&post=327256"},{"taxonomy":"post_tag","embeddable":true,"href":"https:\/\/archive.sana.sy\/es\/index.php?rest_route=%2Fwp%2Fv2%2Ftags&post=327256"}],"curies":[{"name":"wp","href":"https:\/\/api.w.org\/{rel}","templated":true}]}}