{"id":32726,"date":"2015-11-03T16:30:44","date_gmt":"2015-11-03T14:30:44","guid":{"rendered":"http:\/\/sana.sy\/es\/?p=32726"},"modified":"2015-11-03T18:47:55","modified_gmt":"2015-11-03T16:47:55","slug":"al-miqdad-sostiene-conversaciones-con-su-par-irani-en-teheran","status":"publish","type":"post","link":"https:\/\/archive.sana.sy\/es\/?p=32726","title":{"rendered":"Al-Miqdad sostiene conversaciones con su par iran\u00ed en Teher\u00e1n"},"content":{"rendered":"<p><span style=\"color: #800000\">Teher\u00e1n, SANA<\/span><\/p>\n<p>El Viceministro de Exteriores y Emigrantes, Faisal al-Miqdad, sostuvo en la capital iran\u00ed Teher\u00e1n, conversaciones con el vicecanciller iran\u00ed para Asuntos \u00c1rabes y Africanos, Hossein Amir Abdollahian.<\/p>\n<p>Las conversaciones abordaron la lucha antiterrorista y otras cuestiones de inter\u00e9s com\u00fan, adem\u00e1s de la constante consulta y coordinaci\u00f3n entre los dos pa\u00edses.<\/p>\n<p>Ambos vicecancilleres discutieron los \u00faltimos acontecimientos en el escenario sirio y los esfuerzos para combatir el terrorismo, as\u00ed como la evoluci\u00f3n pol\u00edtica a la luz de la Conferencia de Viena sobre Siria.<\/p>\n<p>La propuesta iran\u00ed con respecto a la trayectoria pol\u00edtica en Siria ha sido discutida tambi\u00e9n en la reuni\u00f3n.<\/p>\n<p>La reuni\u00f3n cont\u00f3 con la presencia del Dr. Adnan Mahmoud, embajador de Siria en Teher\u00e1n, Ahmad Arnous de Relaciones Exteriores y el Ministro Consejero Expatriados.<\/p>\n<p>Tras la reuni\u00f3n, el Vicecanciller sirio declar\u00f3 a la prensa que el presidente Bashar al-Assad es un presidente leg\u00edtimo elegido por el pueblo sirio, subrayando que \u201ctodos deben respetar la voluntad de los sirios\u201d.<\/p>\n<p>Estas declaraciones se produjeron en respuesta a una pregunta sobre el periodo de transici\u00f3n, pues al-Miqdad se\u00f1al\u00f3 que no hay ning\u00fan proceso de transici\u00f3n, y esta idea existe solamente en una mente enferma.<\/p>\n<p>\u201cEstamos hablando de un di\u00e1logo nacional, un gobierno ampliado, y un proceso constitucional, y no de un periodo de transici\u00f3n, y lo que est\u00e1n diciendo esto tienen que dejar de hacerlo\u201d, asever\u00f3 el alto pol\u00edtico sirio.<\/p>\n<p>Asimismo calific\u00f3 las relaciones sirio-iran\u00edes de \u201cestrat\u00e9gicas y fuertes\u201d, no obstante requieren de m\u00e1s coordinaci\u00f3n y cooperaci\u00f3n, especialmente en cuanto a los asuntos que interesen a ambas partes, dijo el Vicecanciller sirio.<\/p>\n<p>&nbsp;<\/p>\n<p><span style=\"color: #000000\">Fady M., Hala B., Lynn A.<\/span><\/p>\n","protected":false},"excerpt":{"rendered":"<p>Teher\u00e1n, SANA El Viceministro de Exteriores y Emigrantes, Faisal al-Miqdad, sostuvo en la capital iran\u00ed Teher\u00e1n, conversaciones con el vicecanciller iran\u00ed para Asuntos \u00c1rabes y Africanos, Hossein Amir Abdollahian. Las conversaciones abordaron la lucha antiterrorista y otras cuestiones de inter\u00e9s com\u00fan, adem\u00e1s de la constante consulta y coordinaci\u00f3n entre los dos pa\u00edses. Ambos vicecancilleres discutieron &hellip;<\/p>\n","protected":false},"author":1,"featured_media":32753,"comment_status":"closed","ping_status":"closed","sticky":false,"template":"","format":"standard","meta":{"footnotes":""},"categories":[597,456,457,576],"tags":[7273],"class_list":["post-32726","post","type-post","status-publish","format-standard","has-post-thumbnail","","category-cinta-de-noticias","category-arabe-internacional-politica","category-noticias-arabe-internacional-politica","category-noticias-politicas","tag-al-miqdad-sostiene-conversaciones-con-su-par-irani-en-teheran"],"_links":{"self":[{"href":"https:\/\/archive.sana.sy\/es\/index.php?rest_route=\/wp\/v2\/posts\/32726"}],"collection":[{"href":"https:\/\/archive.sana.sy\/es\/index.php?rest_route=\/wp\/v2\/posts"}],"about":[{"href":"https:\/\/archive.sana.sy\/es\/index.php?rest_route=\/wp\/v2\/types\/post"}],"author":[{"embeddable":true,"href":"https:\/\/archive.sana.sy\/es\/index.php?rest_route=\/wp\/v2\/users\/1"}],"replies":[{"embeddable":true,"href":"https:\/\/archive.sana.sy\/es\/index.php?rest_route=%2Fwp%2Fv2%2Fcomments&post=32726"}],"version-history":[{"count":0,"href":"https:\/\/archive.sana.sy\/es\/index.php?rest_route=\/wp\/v2\/posts\/32726\/revisions"}],"wp:featuredmedia":[{"embeddable":true,"href":"https:\/\/archive.sana.sy\/es\/index.php?rest_route=\/wp\/v2\/media\/32753"}],"wp:attachment":[{"href":"https:\/\/archive.sana.sy\/es\/index.php?rest_route=%2Fwp%2Fv2%2Fmedia&parent=32726"}],"wp:term":[{"taxonomy":"category","embeddable":true,"href":"https:\/\/archive.sana.sy\/es\/index.php?rest_route=%2Fwp%2Fv2%2Fcategories&post=32726"},{"taxonomy":"post_tag","embeddable":true,"href":"https:\/\/archive.sana.sy\/es\/index.php?rest_route=%2Fwp%2Fv2%2Ftags&post=32726"}],"curies":[{"name":"wp","href":"https:\/\/api.w.org\/{rel}","templated":true}]}}