{"id":32729,"date":"2015-11-03T14:02:06","date_gmt":"2015-11-03T12:02:06","guid":{"rendered":"http:\/\/sana.sy\/es\/?p=32729"},"modified":"2015-11-03T14:02:06","modified_gmt":"2015-11-03T12:02:06","slug":"moscu-no-hay-que-vincular-la-operacion-de-rusia-en-siria-con-la-tragedia-del-a321-en-egipto","status":"publish","type":"post","link":"https:\/\/archive.sana.sy\/es\/?p=32729","title":{"rendered":"Mosc\u00fa: &#8220;No hay que vincular la operaci\u00f3n de Rusia en Siria con la tragedia del A321 en Egipto&#8221;"},"content":{"rendered":"<p><span style=\"color: #800000\">Mosc\u00fa, SANA<\/span><\/p>\n<p>El portavoz del presidente ruso, Dmitri Peskov, asegur\u00f3 que la operaci\u00f3n antiterrorista rusa en Siria y el accidente a\u00e9reo del Airbus A321 en Egipto son cuestiones totalmente diferentes y no deben vincularse.<\/p>\n<p>Precis\u00f3 que &#8220;a pesar de que actualmente existe &#8220;una gran cantidad&#8221; de especulaciones que relacionan el siniestro del avi\u00f3n Airbus A321 con la operaci\u00f3n que lleva a cabo la Fuerza A\u00e9rea de Rusia en Siria, &#8220;se trata de dimensiones y cuestiones totalmente diferentes.<\/p>\n<p>Al mismo tiempo, Peskov no respondi\u00f3 a la pregunta sobre si fueron encontradas pruebas de un atentado terrorista ya que &#8220;de momento no hay ning\u00fan dato nuevo&#8221;.<\/p>\n<p>El Airbus A321, con 224 personas a bordo, se estrell\u00f3 en el norte de la pen\u00ednsula egipcia del Sina\u00ed el pasado 31 de octubre.<\/p>\n<p><span style=\"color: #00ccff\">Fady M., Hala B.<\/span><\/p>\n","protected":false},"excerpt":{"rendered":"<p>Mosc\u00fa, SANA El portavoz del presidente ruso, Dmitri Peskov, asegur\u00f3 que la operaci\u00f3n antiterrorista rusa en Siria y el accidente a\u00e9reo del Airbus A321 en Egipto son cuestiones totalmente diferentes y no deben vincularse. Precis\u00f3 que &#8220;a pesar de que actualmente existe &#8220;una gran cantidad&#8221; de especulaciones que relacionan el siniestro del avi\u00f3n Airbus A321 &hellip;<\/p>\n","protected":false},"author":1,"featured_media":32120,"comment_status":"closed","ping_status":"closed","sticky":false,"template":"","format":"standard","meta":{"footnotes":""},"categories":[597,456,457],"tags":[7274],"class_list":["post-32729","post","type-post","status-publish","format-standard","has-post-thumbnail","","category-cinta-de-noticias","category-arabe-internacional-politica","category-noticias-arabe-internacional-politica","tag-moscu-no-hay-que-vincular-la-operacion-de-rusia-en-siria-con-la-tragedia-del-a321-en-egipto"],"_links":{"self":[{"href":"https:\/\/archive.sana.sy\/es\/index.php?rest_route=\/wp\/v2\/posts\/32729"}],"collection":[{"href":"https:\/\/archive.sana.sy\/es\/index.php?rest_route=\/wp\/v2\/posts"}],"about":[{"href":"https:\/\/archive.sana.sy\/es\/index.php?rest_route=\/wp\/v2\/types\/post"}],"author":[{"embeddable":true,"href":"https:\/\/archive.sana.sy\/es\/index.php?rest_route=\/wp\/v2\/users\/1"}],"replies":[{"embeddable":true,"href":"https:\/\/archive.sana.sy\/es\/index.php?rest_route=%2Fwp%2Fv2%2Fcomments&post=32729"}],"version-history":[{"count":0,"href":"https:\/\/archive.sana.sy\/es\/index.php?rest_route=\/wp\/v2\/posts\/32729\/revisions"}],"wp:featuredmedia":[{"embeddable":true,"href":"https:\/\/archive.sana.sy\/es\/index.php?rest_route=\/wp\/v2\/media\/32120"}],"wp:attachment":[{"href":"https:\/\/archive.sana.sy\/es\/index.php?rest_route=%2Fwp%2Fv2%2Fmedia&parent=32729"}],"wp:term":[{"taxonomy":"category","embeddable":true,"href":"https:\/\/archive.sana.sy\/es\/index.php?rest_route=%2Fwp%2Fv2%2Fcategories&post=32729"},{"taxonomy":"post_tag","embeddable":true,"href":"https:\/\/archive.sana.sy\/es\/index.php?rest_route=%2Fwp%2Fv2%2Ftags&post=32729"}],"curies":[{"name":"wp","href":"https:\/\/api.w.org\/{rel}","templated":true}]}}