{"id":327298,"date":"2024-04-19T21:12:43","date_gmt":"2024-04-19T18:12:43","guid":{"rendered":"https:\/\/sana.sy\/es\/?p=327298"},"modified":"2024-04-19T21:14:59","modified_gmt":"2024-04-19T18:14:59","slug":"siria-condena-reciente-agresion-israeli-contra-su-territorio-e-insta-a-la-onu-adoptar-medidas-necesarias","status":"publish","type":"post","link":"https:\/\/archive.sana.sy\/es\/?p=327298","title":{"rendered":"Siria condena reciente agresi\u00f3n israel\u00ed contra su territorio e insta a la ONU adoptar medidas necesarias"},"content":{"rendered":"<p style=\"text-align: justify;\"><span style=\"color: #800000;\"><strong>Damasco, 19 abr (SANA)\u00a0<\/strong><\/span> El Ministerio de Asuntos Exteriores y Expatriados declar\u00f3 que la reciente agresi\u00f3n israel\u00ed contra el territorio sirio confirma una vez m\u00e1s la arrogancia israel\u00ed y sus pol\u00edticas fascistas que apuntan a la integridad territorial y la soberan\u00eda de Siria, as\u00ed como a la estabilidad y seguridad de todos los pa\u00edses de la regi\u00f3n.<\/p>\n<p style=\"text-align: justify;\">Por medio de un comunicado, la Canciller\u00eda conden\u00f3 en los t\u00e9rminos m\u00e1s en\u00e9rgicos esta agresi\u00f3n israel\u00ed y los ataques que la precedieron en su territorio, e insta a la comunidad internacional y a las Naciones Unidas, encabezadas por el Consejo de Seguridad de la ONU, que la condenen y adopten todas las medidas disuasorias para detener los cr\u00edmenes cometidos por el ocupante sionista.<\/p>\n<p style=\"text-align: justify;\">Siria reafirma su derecho constitucional y legal a defender su soberan\u00eda, seguridad e integridad territorial, garantizado por los convenios y leyes internacionales, concluy\u00f3.<\/p>\n<p style=\"text-align: justify;\">sm<\/p>\n","protected":false},"excerpt":{"rendered":"<p>Damasco, 19 abr (SANA)\u00a0 El Ministerio de Asuntos Exteriores y Expatriados declar\u00f3 que la reciente agresi\u00f3n israel\u00ed contra el territorio sirio confirma una vez m\u00e1s la arrogancia israel\u00ed y sus pol\u00edticas fascistas que apuntan a la integridad territorial y la soberan\u00eda de Siria, as\u00ed como a la estabilidad y seguridad de todos los pa\u00edses de &hellip;<\/p>\n","protected":false},"author":39,"featured_media":327302,"comment_status":"closed","ping_status":"closed","sticky":false,"template":"","format":"standard","meta":{"footnotes":""},"categories":[477,597,20724,476,583],"tags":[],"class_list":["post-327298","post","type-post","status-publish","format-standard","has-post-thumbnail","","category-noticias-edulcorantes","category-cinta-de-noticias","category-minuto-a-minuto","category-locales","category-slide"],"_links":{"self":[{"href":"https:\/\/archive.sana.sy\/es\/index.php?rest_route=\/wp\/v2\/posts\/327298"}],"collection":[{"href":"https:\/\/archive.sana.sy\/es\/index.php?rest_route=\/wp\/v2\/posts"}],"about":[{"href":"https:\/\/archive.sana.sy\/es\/index.php?rest_route=\/wp\/v2\/types\/post"}],"author":[{"embeddable":true,"href":"https:\/\/archive.sana.sy\/es\/index.php?rest_route=\/wp\/v2\/users\/39"}],"replies":[{"embeddable":true,"href":"https:\/\/archive.sana.sy\/es\/index.php?rest_route=%2Fwp%2Fv2%2Fcomments&post=327298"}],"version-history":[{"count":1,"href":"https:\/\/archive.sana.sy\/es\/index.php?rest_route=\/wp\/v2\/posts\/327298\/revisions"}],"predecessor-version":[{"id":327300,"href":"https:\/\/archive.sana.sy\/es\/index.php?rest_route=\/wp\/v2\/posts\/327298\/revisions\/327300"}],"wp:featuredmedia":[{"embeddable":true,"href":"https:\/\/archive.sana.sy\/es\/index.php?rest_route=\/wp\/v2\/media\/327302"}],"wp:attachment":[{"href":"https:\/\/archive.sana.sy\/es\/index.php?rest_route=%2Fwp%2Fv2%2Fmedia&parent=327298"}],"wp:term":[{"taxonomy":"category","embeddable":true,"href":"https:\/\/archive.sana.sy\/es\/index.php?rest_route=%2Fwp%2Fv2%2Fcategories&post=327298"},{"taxonomy":"post_tag","embeddable":true,"href":"https:\/\/archive.sana.sy\/es\/index.php?rest_route=%2Fwp%2Fv2%2Ftags&post=327298"}],"curies":[{"name":"wp","href":"https:\/\/api.w.org\/{rel}","templated":true}]}}