{"id":327306,"date":"2024-04-20T10:35:48","date_gmt":"2024-04-20T07:35:48","guid":{"rendered":"https:\/\/sana.sy\/es\/?p=327306"},"modified":"2024-04-20T10:35:48","modified_gmt":"2024-04-20T07:35:48","slug":"drones-derribados-sobre-isfahan-no-causaron-danos-materiales-ni-humanos-afirma-iran","status":"publish","type":"post","link":"https:\/\/archive.sana.sy\/es\/?p=327306","title":{"rendered":"Drones derribados sobre Isfah\u00e1n no causaron da\u00f1os materiales ni humanos, afirma Ir\u00e1n"},"content":{"rendered":"<p style=\"text-align: justify;\"><span style=\"color: #800000;\"><strong>Nueva York, 20 abr (SANA)<\/strong><\/span> El ministro de Relaciones Exteriores de Ir\u00e1n, Hussein Amir Abdullahian, declar\u00f3 que los drones derribados por los sistemas de defensa a\u00e9rea iran\u00edes este viernes sobre Isfah\u00e1n no causaron ning\u00fan da\u00f1o material ni humano.<\/p>\n<p style=\"text-align: justify;\">Estas declaraciones fueron citadas por la agencia IRNA a Abdollahian durante una reuni\u00f3n con embajadores de los pa\u00edses miembros de la Organizaci\u00f3n para la Cooperaci\u00f3n Isl\u00e1mica en Nueva York este viernes.<\/p>\n<p style=\"text-align: justify;\">&#8220;Los medios de comunicaci\u00f3n partidarios de la entidad \u00a0sionista intentaron desesperadamente fabricar una victoria a partir de su reciente derrota y exagerar este asunto, mientras que los drones derribados no causaron ning\u00fan da\u00f1o material ni p\u00e9rdidas humanas&#8221;, destac\u00f3 el Canciller iran\u00ed.<\/p>\n<p style=\"text-align: justify;\">Explic\u00f3 que la operaci\u00f3n llevada a cabo por las fuerzas iran\u00edes contra \u201cIsrael\u201d se llev\u00f3 a cabo en el marco de la leg\u00edtima defensa y el derecho internacional.<\/p>\n<p style=\"text-align: justify;\">Abdullahian subray\u00f3 que, aunque Ir\u00e1n podr\u00eda haber llevado a cabo esta operaci\u00f3n en una escala m\u00e1s amplia, solo fueron atacadas las instalaciones israel\u00edes desde donde se lanz\u00f3 el ataque contra el consulado iran\u00ed en Damasco, donde Ir\u00e1n logr\u00f3 sus objetivos dentro del marco de la respuesta m\u00ednima y demostr\u00f3 su determinaci\u00f3n.<\/p>\n<p style=\"text-align: justify;\">Reiter\u00f3 que en caso de que \u201cIsrael\u201d lleve a cabo una nueva aventura y tome medidas contra los intereses de Ir\u00e1n, la pr\u00f3xima respuesta de Ir\u00e1n ser\u00e1 inmediata y decisiva, y este mensaje se transmiti\u00f3 claramente a Estados Unidos y otras partes.<\/p>\n<p style=\"text-align: justify;\">El Canciller iran\u00ed enfatiz\u00f3 la necesidad de tener en cuenta las ra\u00edces de la actual crisis, causada por el encendido de guerras, genocidios, cr\u00edmenes de guerra y agresiones por parte de \u201cIsrael\u201d contra Gaza y Cisjordania.<\/p>\n<p style=\"text-align: justify;\">&#8220;Si la guerra en Gaza se detiene, la paz volver\u00e1 a toda la regi\u00f3n, y todos nosotros, incluido Ir\u00e1n, nos beneficiaremos de esta paz&#8221;, concluy\u00f3.<\/p>\n<p style=\"text-align: justify;\"><em><strong>ah<\/strong><\/em><\/p>\n","protected":false},"excerpt":{"rendered":"<p>Nueva York, 20 abr (SANA) El ministro de Relaciones Exteriores de Ir\u00e1n, Hussein Amir Abdullahian, declar\u00f3 que los drones derribados por los sistemas de defensa a\u00e9rea iran\u00edes este viernes sobre Isfah\u00e1n no causaron ning\u00fan da\u00f1o material ni humano. Estas declaraciones fueron citadas por la agencia IRNA a Abdollahian durante una reuni\u00f3n con embajadores de los &hellip;<\/p>\n","protected":false},"author":30,"featured_media":327307,"comment_status":"closed","ping_status":"closed","sticky":false,"template":"","format":"standard","meta":{"footnotes":""},"categories":[597,456,20724,7541],"tags":[],"class_list":["post-327306","post","type-post","status-publish","format-standard","has-post-thumbnail","","category-cinta-de-noticias","category-arabe-internacional-politica","category-minuto-a-minuto","category-ultimas-noticias"],"_links":{"self":[{"href":"https:\/\/archive.sana.sy\/es\/index.php?rest_route=\/wp\/v2\/posts\/327306"}],"collection":[{"href":"https:\/\/archive.sana.sy\/es\/index.php?rest_route=\/wp\/v2\/posts"}],"about":[{"href":"https:\/\/archive.sana.sy\/es\/index.php?rest_route=\/wp\/v2\/types\/post"}],"author":[{"embeddable":true,"href":"https:\/\/archive.sana.sy\/es\/index.php?rest_route=\/wp\/v2\/users\/30"}],"replies":[{"embeddable":true,"href":"https:\/\/archive.sana.sy\/es\/index.php?rest_route=%2Fwp%2Fv2%2Fcomments&post=327306"}],"version-history":[{"count":1,"href":"https:\/\/archive.sana.sy\/es\/index.php?rest_route=\/wp\/v2\/posts\/327306\/revisions"}],"predecessor-version":[{"id":327308,"href":"https:\/\/archive.sana.sy\/es\/index.php?rest_route=\/wp\/v2\/posts\/327306\/revisions\/327308"}],"wp:featuredmedia":[{"embeddable":true,"href":"https:\/\/archive.sana.sy\/es\/index.php?rest_route=\/wp\/v2\/media\/327307"}],"wp:attachment":[{"href":"https:\/\/archive.sana.sy\/es\/index.php?rest_route=%2Fwp%2Fv2%2Fmedia&parent=327306"}],"wp:term":[{"taxonomy":"category","embeddable":true,"href":"https:\/\/archive.sana.sy\/es\/index.php?rest_route=%2Fwp%2Fv2%2Fcategories&post=327306"},{"taxonomy":"post_tag","embeddable":true,"href":"https:\/\/archive.sana.sy\/es\/index.php?rest_route=%2Fwp%2Fv2%2Ftags&post=327306"}],"curies":[{"name":"wp","href":"https:\/\/api.w.org\/{rel}","templated":true}]}}