{"id":327309,"date":"2024-04-20T11:12:02","date_gmt":"2024-04-20T08:12:02","guid":{"rendered":"https:\/\/sana.sy\/es\/?p=327309"},"modified":"2024-04-20T11:12:02","modified_gmt":"2024-04-20T08:12:02","slug":"israel-perpetra-genocidio-en-gaza-afirma-eurodiputado-checo","status":"publish","type":"post","link":"https:\/\/archive.sana.sy\/es\/?p=327309","title":{"rendered":"\u201cIsrael\u201d perpetra genocidio en Gaza, afirma eurodiputado checo"},"content":{"rendered":"<p style=\"text-align: justify;\"><span style=\"color: #800000;\"><strong>Praga, 20 abr (SANA)<\/strong> <\/span>El miembro del Parlamento Europeo por la Rep\u00fablica Checa, Ivan David, afirm\u00f3 que las acciones del ocupante israel\u00ed en la Franja de Gaza constituyen cr\u00edmenes que solo pueden describirse como genocidio, todo ello mientras el Occidente permanece en silencio.<\/p>\n<p style=\"text-align: justify;\">David se\u00f1al\u00f3 en una publicaci\u00f3n en sus redes sociales que \u201cIsrael\u201d asesin\u00f3 a decenas de miles de civiles palestinos en Gaza, casi borr\u00f3 la regi\u00f3n del mapa, desplaz\u00f3 a millones de personas de sus hogares y ahora intenta someterlos al hambre. A pesar de ello, algunos justifican esta violencia como consideraciones de seguridad, mientras acusan a quienes la critican.<\/p>\n<p style=\"text-align: justify;\">Por su parte, la iniciativa &#8220;No en nuestro nombre&#8221; en la Rep\u00fablica Checa declar\u00f3 que las acciones del ej\u00e9rcito israel\u00ed contra los palestinos en Gaza violan claramente las \u00f3rdenes vinculantes de la Corte Internacional de Justicia en La Haya, que exigen poner fin a todas las operaciones que tengan caracter\u00edsticas de genocidio, una exigencia que no se cumpli\u00f3.<\/p>\n<p style=\"text-align: justify;\">La iniciativa tambi\u00e9n llam\u00f3 al gobierno checo a detener su apoyo al r\u00e9gimen israel\u00ed, advirtiendo que este apoyo ciego lo hace c\u00f3mplice de los cr\u00edmenes cometidos en Gaza.<\/p>\n<p style=\"text-align: justify;\"><em><strong>ah<\/strong><\/em><\/p>\n","protected":false},"excerpt":{"rendered":"<p>Praga, 20 abr (SANA) El miembro del Parlamento Europeo por la Rep\u00fablica Checa, Ivan David, afirm\u00f3 que las acciones del ocupante israel\u00ed en la Franja de Gaza constituyen cr\u00edmenes que solo pueden describirse como genocidio, todo ello mientras el Occidente permanece en silencio. David se\u00f1al\u00f3 en una publicaci\u00f3n en sus redes sociales que \u201cIsrael\u201d asesin\u00f3 &hellip;<\/p>\n","protected":false},"author":30,"featured_media":327310,"comment_status":"closed","ping_status":"closed","sticky":false,"template":"","format":"standard","meta":{"footnotes":""},"categories":[597,456,20724,7541],"tags":[],"class_list":["post-327309","post","type-post","status-publish","format-standard","has-post-thumbnail","","category-cinta-de-noticias","category-arabe-internacional-politica","category-minuto-a-minuto","category-ultimas-noticias"],"_links":{"self":[{"href":"https:\/\/archive.sana.sy\/es\/index.php?rest_route=\/wp\/v2\/posts\/327309"}],"collection":[{"href":"https:\/\/archive.sana.sy\/es\/index.php?rest_route=\/wp\/v2\/posts"}],"about":[{"href":"https:\/\/archive.sana.sy\/es\/index.php?rest_route=\/wp\/v2\/types\/post"}],"author":[{"embeddable":true,"href":"https:\/\/archive.sana.sy\/es\/index.php?rest_route=\/wp\/v2\/users\/30"}],"replies":[{"embeddable":true,"href":"https:\/\/archive.sana.sy\/es\/index.php?rest_route=%2Fwp%2Fv2%2Fcomments&post=327309"}],"version-history":[{"count":1,"href":"https:\/\/archive.sana.sy\/es\/index.php?rest_route=\/wp\/v2\/posts\/327309\/revisions"}],"predecessor-version":[{"id":327311,"href":"https:\/\/archive.sana.sy\/es\/index.php?rest_route=\/wp\/v2\/posts\/327309\/revisions\/327311"}],"wp:featuredmedia":[{"embeddable":true,"href":"https:\/\/archive.sana.sy\/es\/index.php?rest_route=\/wp\/v2\/media\/327310"}],"wp:attachment":[{"href":"https:\/\/archive.sana.sy\/es\/index.php?rest_route=%2Fwp%2Fv2%2Fmedia&parent=327309"}],"wp:term":[{"taxonomy":"category","embeddable":true,"href":"https:\/\/archive.sana.sy\/es\/index.php?rest_route=%2Fwp%2Fv2%2Fcategories&post=327309"},{"taxonomy":"post_tag","embeddable":true,"href":"https:\/\/archive.sana.sy\/es\/index.php?rest_route=%2Fwp%2Fv2%2Ftags&post=327309"}],"curies":[{"name":"wp","href":"https:\/\/api.w.org\/{rel}","templated":true}]}}