{"id":327365,"date":"2024-04-20T20:01:52","date_gmt":"2024-04-20T17:01:52","guid":{"rendered":"https:\/\/sana.sy\/es\/?p=327365"},"modified":"2024-04-20T20:01:52","modified_gmt":"2024-04-20T17:01:52","slug":"masivas-manifestaciones-en-diferentes-capitales-y-ciudades-del-mundo-en-apoyo-a-palestina","status":"publish","type":"post","link":"https:\/\/archive.sana.sy\/es\/?p=327365","title":{"rendered":"Masivas manifestaciones en diferentes capitales y ciudades del mundo en apoyo a Palestina"},"content":{"rendered":"<p style=\"text-align: justify;\"><span style=\"color: #800000;\"><strong>Capitales, 20 abr (SANA)\u00a0<\/strong><\/span> \u00a0Varias ciudades del mundo fueron testigos de manifestaciones masivas que denunciaron la agresi\u00f3n israel\u00ed contra la Franja de Gaza y expresaron el apoyo al pueblo palestino.<\/p>\n<p style=\"text-align: justify;\">La agencia Wafa inform\u00f3 que miles de personas participaron en protestas organizadas en Copenhaguen, Ginebra, Berl\u00edn, Londres, Buenos Aires, Mil\u00e1n, Stuttgart, Gotemburgo, Malmo y Uppsala, en apoyo al pueblo palestino y para exigir el fin de la agresi\u00f3n israel\u00ed y la introducci\u00f3n de ayuda humanitaria en Gaza.<\/p>\n<p style=\"text-align: justify;\">Los participantes en las manifestaciones enarbolaron banderas palestinas y pancartas que denuncian los cr\u00edmenes cometidos por el ocupante israel\u00ed contra el pueblo palestino.<\/p>\n<p style=\"text-align: justify;\">Pidieron el fin de los dobles raseros y la necesidad de llevar \u201cIsrael\u201d y sus l\u00edderes a juicio por sus masacres contra el pueblo palestino.<\/p>\n<p style=\"text-align: justify;\">fm\/rr<\/p>\n","protected":false},"excerpt":{"rendered":"<p>Capitales, 20 abr (SANA)\u00a0 \u00a0Varias ciudades del mundo fueron testigos de manifestaciones masivas que denunciaron la agresi\u00f3n israel\u00ed contra la Franja de Gaza y expresaron el apoyo al pueblo palestino. La agencia Wafa inform\u00f3 que miles de personas participaron en protestas organizadas en Copenhaguen, Ginebra, Berl\u00edn, Londres, Buenos Aires, Mil\u00e1n, Stuttgart, Gotemburgo, Malmo y Uppsala, &hellip;<\/p>\n","protected":false},"author":31,"featured_media":327366,"comment_status":"closed","ping_status":"closed","sticky":false,"template":"","format":"standard","meta":{"footnotes":""},"categories":[597,456,16687,7541],"tags":[21128,20702,22495,12002,10560,22498,10473,22499,22496,22494,19608,22497],"class_list":["post-327365","post","type-post","status-publish","format-standard","has-post-thumbnail","","category-cinta-de-noticias","category-arabe-internacional-politica","category-internacionales","category-ultimas-noticias","tag-berlin","tag-buenos-aires","tag-copenhaguen","tag-gaza","tag-ginebra","tag-gotemburgo","tag-londres","tag-malmo-y-uppsala","tag-milan","tag-palestiana","tag-protestas","tag-stuttgart"],"_links":{"self":[{"href":"https:\/\/archive.sana.sy\/es\/index.php?rest_route=\/wp\/v2\/posts\/327365"}],"collection":[{"href":"https:\/\/archive.sana.sy\/es\/index.php?rest_route=\/wp\/v2\/posts"}],"about":[{"href":"https:\/\/archive.sana.sy\/es\/index.php?rest_route=\/wp\/v2\/types\/post"}],"author":[{"embeddable":true,"href":"https:\/\/archive.sana.sy\/es\/index.php?rest_route=\/wp\/v2\/users\/31"}],"replies":[{"embeddable":true,"href":"https:\/\/archive.sana.sy\/es\/index.php?rest_route=%2Fwp%2Fv2%2Fcomments&post=327365"}],"version-history":[{"count":1,"href":"https:\/\/archive.sana.sy\/es\/index.php?rest_route=\/wp\/v2\/posts\/327365\/revisions"}],"predecessor-version":[{"id":327367,"href":"https:\/\/archive.sana.sy\/es\/index.php?rest_route=\/wp\/v2\/posts\/327365\/revisions\/327367"}],"wp:featuredmedia":[{"embeddable":true,"href":"https:\/\/archive.sana.sy\/es\/index.php?rest_route=\/wp\/v2\/media\/327366"}],"wp:attachment":[{"href":"https:\/\/archive.sana.sy\/es\/index.php?rest_route=%2Fwp%2Fv2%2Fmedia&parent=327365"}],"wp:term":[{"taxonomy":"category","embeddable":true,"href":"https:\/\/archive.sana.sy\/es\/index.php?rest_route=%2Fwp%2Fv2%2Fcategories&post=327365"},{"taxonomy":"post_tag","embeddable":true,"href":"https:\/\/archive.sana.sy\/es\/index.php?rest_route=%2Fwp%2Fv2%2Ftags&post=327365"}],"curies":[{"name":"wp","href":"https:\/\/api.w.org\/{rel}","templated":true}]}}