{"id":327368,"date":"2024-04-20T20:22:57","date_gmt":"2024-04-20T17:22:57","guid":{"rendered":"https:\/\/sana.sy\/es\/?p=327368"},"modified":"2024-04-20T20:27:51","modified_gmt":"2024-04-20T17:27:51","slug":"ejercito-sirio-realiza-operaciones-antiterroristas-en-varias-provincias","status":"publish","type":"post","link":"https:\/\/archive.sana.sy\/es\/?p=327368","title":{"rendered":"Ej\u00e9rcito sirio realiza operaciones antiterroristas en varias provincias"},"content":{"rendered":"<p style=\"text-align: justify;\">Damasco, 20 abr (SANA)\u00a0 \u00a0Las Fuerzas Armadas de Siria, en cooperaci\u00f3n con las fuerzas rusas que operan en el pa\u00eds desde 2015 a solicitud del gobierno sirio, llevaron a cabo varias operaciones antiterroristas con el empleo de cazas, drones y artiller\u00eda, en le las provincias de Homs, Deir Ezzor, Alepo y Deraa, inform\u00f3 el Ministerio de Defensa siria.<\/p>\n<p style=\"text-align: justify;\">\u201cLas operaciones se realizaron en respuesta a los repetidos ataques de estas organizaciones terroristas contra los puntos militares y las comunidades civiles\u201d, detall\u00f3 el ente castrense.<\/p>\n<p style=\"text-align: justify;\">Precis\u00f3 que las operaciones tuvieron como blanco cuarteles, sitios y veh\u00edculos de los terroristas que resultaron destruidos por completo, adem\u00e1s de eliminar a decenas de terroristas, entre ellos l\u00edderes del grupo Daesh, inscrito en la lista del terrorismo internacional.<\/p>\n<p style=\"text-align: justify;\">Asimismo, una unidad militar en Alepo logr\u00f3 derribar y destruir varios drones terroristas e impedirles de alcanzar sus objetivos.<\/p>\n<p style=\"text-align: justify;\">Tambi\u00e9n, otra formaci\u00f3n castrense enfrent\u00f3 a un grupo terrorista que intent\u00f3 atacar a un puesto de control militar en la zona rural de Deraa, causando muerte y heridas en sus filas y la confiscaci\u00f3n de sus armas.<\/p>\n<p style=\"text-align: justify;\">rr\/fm<\/p>\n","protected":false},"excerpt":{"rendered":"<p>Damasco, 20 abr (SANA)\u00a0 \u00a0Las Fuerzas Armadas de Siria, en cooperaci\u00f3n con las fuerzas rusas que operan en el pa\u00eds desde 2015 a solicitud del gobierno sirio, llevaron a cabo varias operaciones antiterroristas con el empleo de cazas, drones y artiller\u00eda, en le las provincias de Homs, Deir Ezzor, Alepo y Deraa, inform\u00f3 el Ministerio &hellip;<\/p>\n","protected":false},"author":31,"featured_media":327371,"comment_status":"closed","ping_status":"closed","sticky":false,"template":"","format":"standard","meta":{"footnotes":""},"categories":[597,573,476,583],"tags":[17398,2626,19675,8571,1519,6695,6553],"class_list":["post-327368","post","type-post","status-publish","format-standard","has-post-thumbnail","","category-cinta-de-noticias","category-la-realidad-de-los-acontecimientos-en-siria","category-locales","category-slide","tag-deraa","tag-alepo","tag-defensa","tag-ejercito","tag-homs","tag-rusia","tag-siria"],"_links":{"self":[{"href":"https:\/\/archive.sana.sy\/es\/index.php?rest_route=\/wp\/v2\/posts\/327368"}],"collection":[{"href":"https:\/\/archive.sana.sy\/es\/index.php?rest_route=\/wp\/v2\/posts"}],"about":[{"href":"https:\/\/archive.sana.sy\/es\/index.php?rest_route=\/wp\/v2\/types\/post"}],"author":[{"embeddable":true,"href":"https:\/\/archive.sana.sy\/es\/index.php?rest_route=\/wp\/v2\/users\/31"}],"replies":[{"embeddable":true,"href":"https:\/\/archive.sana.sy\/es\/index.php?rest_route=%2Fwp%2Fv2%2Fcomments&post=327368"}],"version-history":[{"count":1,"href":"https:\/\/archive.sana.sy\/es\/index.php?rest_route=\/wp\/v2\/posts\/327368\/revisions"}],"predecessor-version":[{"id":327370,"href":"https:\/\/archive.sana.sy\/es\/index.php?rest_route=\/wp\/v2\/posts\/327368\/revisions\/327370"}],"wp:featuredmedia":[{"embeddable":true,"href":"https:\/\/archive.sana.sy\/es\/index.php?rest_route=\/wp\/v2\/media\/327371"}],"wp:attachment":[{"href":"https:\/\/archive.sana.sy\/es\/index.php?rest_route=%2Fwp%2Fv2%2Fmedia&parent=327368"}],"wp:term":[{"taxonomy":"category","embeddable":true,"href":"https:\/\/archive.sana.sy\/es\/index.php?rest_route=%2Fwp%2Fv2%2Fcategories&post=327368"},{"taxonomy":"post_tag","embeddable":true,"href":"https:\/\/archive.sana.sy\/es\/index.php?rest_route=%2Fwp%2Fv2%2Ftags&post=327368"}],"curies":[{"name":"wp","href":"https:\/\/api.w.org\/{rel}","templated":true}]}}