{"id":32738,"date":"2015-11-03T12:58:56","date_gmt":"2015-11-03T10:58:56","guid":{"rendered":"http:\/\/sana.sy\/es\/?p=32738"},"modified":"2015-11-03T16:59:51","modified_gmt":"2015-11-03T14:59:51","slug":"fuerza-aerea-rusa-bombardea-posiciones-de-terroristas-con-bombas-antibunker","status":"publish","type":"post","link":"https:\/\/archive.sana.sy\/es\/?p=32738","title":{"rendered":"Fuerza A\u00e9rea rusa bombardea posiciones de terroristas con bombas antib\u00fanker"},"content":{"rendered":"<p><span style=\"color: #800000\">Mosc\u00fa, SANA<\/span><\/p>\n<p>El portavoz de la Fuerza Aeroespacial rusa, el coronel Igor Kl\u00edmov, dijo que &#8220;dos potentes bombas antib\u00fanker Betab-500, de media tonelada de peso, fueron lanzadas este martes contra posiciones de los terroristas en Siria.<\/p>\n<p>Citado por RIA Novosti, Kl\u00edmov inform\u00f3 que &#8220;aviones de combate rusos emplearon dos bombas a\u00e9reas destructoras de hormig\u00f3n contra objetivos de la organizaci\u00f3n terrorista del Estado Isl\u00e1mico.<\/p>\n<p>Precis\u00f3 que ese tipo de municiones se emplea para destruir objetivos muy fortificados y a gran profundidad, y fueron lanzadas por bombarderos t\u00e1cticos Su-24.<\/p>\n<p>&nbsp;<\/p>\n<p>Fady M., Lynn A.<\/p>\n","protected":false},"excerpt":{"rendered":"<p>Mosc\u00fa, SANA El portavoz de la Fuerza Aeroespacial rusa, el coronel Igor Kl\u00edmov, dijo que &#8220;dos potentes bombas antib\u00fanker Betab-500, de media tonelada de peso, fueron lanzadas este martes contra posiciones de los terroristas en Siria. Citado por RIA Novosti, Kl\u00edmov inform\u00f3 que &#8220;aviones de combate rusos emplearon dos bombas a\u00e9reas destructoras de hormig\u00f3n contra &hellip;<\/p>\n","protected":false},"author":24,"featured_media":32557,"comment_status":"closed","ping_status":"closed","sticky":false,"template":"","format":"standard","meta":{"footnotes":""},"categories":[597,456,457,576],"tags":[],"class_list":["post-32738","post","type-post","status-publish","format-standard","has-post-thumbnail","","category-cinta-de-noticias","category-arabe-internacional-politica","category-noticias-arabe-internacional-politica","category-noticias-politicas"],"_links":{"self":[{"href":"https:\/\/archive.sana.sy\/es\/index.php?rest_route=\/wp\/v2\/posts\/32738"}],"collection":[{"href":"https:\/\/archive.sana.sy\/es\/index.php?rest_route=\/wp\/v2\/posts"}],"about":[{"href":"https:\/\/archive.sana.sy\/es\/index.php?rest_route=\/wp\/v2\/types\/post"}],"author":[{"embeddable":true,"href":"https:\/\/archive.sana.sy\/es\/index.php?rest_route=\/wp\/v2\/users\/24"}],"replies":[{"embeddable":true,"href":"https:\/\/archive.sana.sy\/es\/index.php?rest_route=%2Fwp%2Fv2%2Fcomments&post=32738"}],"version-history":[{"count":0,"href":"https:\/\/archive.sana.sy\/es\/index.php?rest_route=\/wp\/v2\/posts\/32738\/revisions"}],"wp:featuredmedia":[{"embeddable":true,"href":"https:\/\/archive.sana.sy\/es\/index.php?rest_route=\/wp\/v2\/media\/32557"}],"wp:attachment":[{"href":"https:\/\/archive.sana.sy\/es\/index.php?rest_route=%2Fwp%2Fv2%2Fmedia&parent=32738"}],"wp:term":[{"taxonomy":"category","embeddable":true,"href":"https:\/\/archive.sana.sy\/es\/index.php?rest_route=%2Fwp%2Fv2%2Fcategories&post=32738"},{"taxonomy":"post_tag","embeddable":true,"href":"https:\/\/archive.sana.sy\/es\/index.php?rest_route=%2Fwp%2Fv2%2Ftags&post=32738"}],"curies":[{"name":"wp","href":"https:\/\/api.w.org\/{rel}","templated":true}]}}