{"id":327384,"date":"2024-04-21T11:30:07","date_gmt":"2024-04-21T08:30:07","guid":{"rendered":"https:\/\/sana.sy\/es\/?p=327384"},"modified":"2024-04-21T11:30:07","modified_gmt":"2024-04-21T08:30:07","slug":"muertos-y-heridos-en-nuevos-bombardeos-israelies-contra-gaza","status":"publish","type":"post","link":"https:\/\/archive.sana.sy\/es\/?p=327384","title":{"rendered":"Muertos y heridos en nuevos bombardeos israel\u00edes contra Gaza"},"content":{"rendered":"<p style=\"text-align: justify;\"><span style=\"color: #800000;\"><strong>Jerusal\u00e9n ocupada ,21 abr (SANA) <\/strong><\/span>Decenas de palestinos perdieron la vida o resultaron heridos en las agresiones israel\u00edes cometidas en el d\u00eda 198 de la guerra genocida lanzada contra la Franja de Gaza.<\/p>\n<p style=\"text-align: justify;\">La agencia Wafa inform\u00f3 que la aviaci\u00f3n b\u00e9lica israel\u00ed bombarde\u00f3 viviendas en el campamento de Shaboura, en el centro y este de la ciudad de Rafah, matando a 16 palestinos, entre ellos nueve ni\u00f1os, e hiriendo a otros.<\/p>\n<p style=\"text-align: justify;\">El n\u00famero de v\u00edctimas de la agresi\u00f3n israel\u00ed contra Gaza ascendi\u00f3 a 34.049 muertos y 76.901 heridos.<\/p>\n<p style=\"text-align: justify;\">as\/fm<\/p>\n","protected":false},"excerpt":{"rendered":"<p>Jerusal\u00e9n ocupada ,21 abr (SANA) Decenas de palestinos perdieron la vida o resultaron heridos en las agresiones israel\u00edes cometidas en el d\u00eda 198 de la guerra genocida lanzada contra la Franja de Gaza. La agencia Wafa inform\u00f3 que la aviaci\u00f3n b\u00e9lica israel\u00ed bombarde\u00f3 viviendas en el campamento de Shaboura, en el centro y este de &hellip;<\/p>\n","protected":false},"author":42,"featured_media":327385,"comment_status":"closed","ping_status":"closed","sticky":false,"template":"","format":"standard","meta":{"footnotes":""},"categories":[597,456,16687,20724,7541],"tags":[],"class_list":["post-327384","post","type-post","status-publish","format-standard","has-post-thumbnail","","category-cinta-de-noticias","category-arabe-internacional-politica","category-internacionales","category-minuto-a-minuto","category-ultimas-noticias"],"_links":{"self":[{"href":"https:\/\/archive.sana.sy\/es\/index.php?rest_route=\/wp\/v2\/posts\/327384"}],"collection":[{"href":"https:\/\/archive.sana.sy\/es\/index.php?rest_route=\/wp\/v2\/posts"}],"about":[{"href":"https:\/\/archive.sana.sy\/es\/index.php?rest_route=\/wp\/v2\/types\/post"}],"author":[{"embeddable":true,"href":"https:\/\/archive.sana.sy\/es\/index.php?rest_route=\/wp\/v2\/users\/42"}],"replies":[{"embeddable":true,"href":"https:\/\/archive.sana.sy\/es\/index.php?rest_route=%2Fwp%2Fv2%2Fcomments&post=327384"}],"version-history":[{"count":1,"href":"https:\/\/archive.sana.sy\/es\/index.php?rest_route=\/wp\/v2\/posts\/327384\/revisions"}],"predecessor-version":[{"id":327386,"href":"https:\/\/archive.sana.sy\/es\/index.php?rest_route=\/wp\/v2\/posts\/327384\/revisions\/327386"}],"wp:featuredmedia":[{"embeddable":true,"href":"https:\/\/archive.sana.sy\/es\/index.php?rest_route=\/wp\/v2\/media\/327385"}],"wp:attachment":[{"href":"https:\/\/archive.sana.sy\/es\/index.php?rest_route=%2Fwp%2Fv2%2Fmedia&parent=327384"}],"wp:term":[{"taxonomy":"category","embeddable":true,"href":"https:\/\/archive.sana.sy\/es\/index.php?rest_route=%2Fwp%2Fv2%2Fcategories&post=327384"},{"taxonomy":"post_tag","embeddable":true,"href":"https:\/\/archive.sana.sy\/es\/index.php?rest_route=%2Fwp%2Fv2%2Ftags&post=327384"}],"curies":[{"name":"wp","href":"https:\/\/api.w.org\/{rel}","templated":true}]}}