{"id":32740,"date":"2015-11-03T17:25:04","date_gmt":"2015-11-03T15:25:04","guid":{"rendered":"http:\/\/sana.sy\/es\/?p=32740"},"modified":"2015-11-03T17:27:48","modified_gmt":"2015-11-03T15:27:48","slug":"gabinete-debate-varios-temas-de-servicios-en-su-sesion-semanal","status":"publish","type":"post","link":"https:\/\/archive.sana.sy\/es\/?p=32740","title":{"rendered":"Gabinete debate varios temas de servicios en su sesi\u00f3n semanal"},"content":{"rendered":"<p><span style=\"color: #800000\">Damasco, SANA<\/span><\/p>\n<p>El Gabinete debati\u00f3 este martes varios temas de inter\u00e9s popular y de servicios , especialmente las v\u00edas de hacer frente a la carest\u00eda de vida en las provincias norte\u00f1as de Alepo y Deir Ezzor.<\/p>\n<p>Al iniciar la sesi\u00f3n semanal, el Gabinete dirigi\u00f3 sus sinceras condolencias por la tragedia del avi\u00f3n ruso siniestrado en Sina\u00ed, as\u00ed como present\u00f3 p\u00e9same por el fallecimiento de la periodista siria Batoul Mukhles que perdi\u00f3 su vida tras un ataque terrorista con mortero en Harasta.<\/p>\n<p>El primer ministro, Wael al-Halqui reiter\u00f3 los esfuerzos del Gobierno para designar pol\u00edticas econ\u00f3micas y de desarrollo que puedan garantizar m\u00e1s oportunidades de trabajo e impulsar la econom\u00eda nacional.<\/p>\n<p>A nivel pol\u00edtico, el canciller sirio, Walid al-Moallem aludi\u00f3 a la movilizaci\u00f3n pol\u00edtica llevada a cabo durante la \u00faltima semana a fin de dar con una soluci\u00f3n de la crisis siria, enfatizando que esta soluci\u00f3n ser\u00e1 alcanzada por los propios sirios y lejos de la injerencia extranjera.<\/p>\n<p>Al-Moallem destac\u00f3 que los avances logrados en la lucha antiterrorista en Siria abrir\u00e1n el camino hacia un arreglo pol\u00edtico, as\u00ed como expres\u00f3 su alivio por la comprensi\u00f3n internacional ante la postura siria al respecto.<\/p>\n<p>&nbsp;<\/p>\n<p>&nbsp;<\/p>\n<p>Lynn A.<\/p>\n","protected":false},"excerpt":{"rendered":"<p>Damasco, SANA El Gabinete debati\u00f3 este martes varios temas de inter\u00e9s popular y de servicios , especialmente las v\u00edas de hacer frente a la carest\u00eda de vida en las provincias norte\u00f1as de Alepo y Deir Ezzor. Al iniciar la sesi\u00f3n semanal, el Gabinete dirigi\u00f3 sus sinceras condolencias por la tragedia del avi\u00f3n ruso siniestrado en &hellip;<\/p>\n","protected":false},"author":24,"featured_media":32741,"comment_status":"closed","ping_status":"closed","sticky":false,"template":"","format":"standard","meta":{"footnotes":""},"categories":[477,476],"tags":[],"class_list":["post-32740","post","type-post","status-publish","format-standard","has-post-thumbnail","","category-noticias-edulcorantes","category-locales"],"_links":{"self":[{"href":"https:\/\/archive.sana.sy\/es\/index.php?rest_route=\/wp\/v2\/posts\/32740"}],"collection":[{"href":"https:\/\/archive.sana.sy\/es\/index.php?rest_route=\/wp\/v2\/posts"}],"about":[{"href":"https:\/\/archive.sana.sy\/es\/index.php?rest_route=\/wp\/v2\/types\/post"}],"author":[{"embeddable":true,"href":"https:\/\/archive.sana.sy\/es\/index.php?rest_route=\/wp\/v2\/users\/24"}],"replies":[{"embeddable":true,"href":"https:\/\/archive.sana.sy\/es\/index.php?rest_route=%2Fwp%2Fv2%2Fcomments&post=32740"}],"version-history":[{"count":0,"href":"https:\/\/archive.sana.sy\/es\/index.php?rest_route=\/wp\/v2\/posts\/32740\/revisions"}],"wp:featuredmedia":[{"embeddable":true,"href":"https:\/\/archive.sana.sy\/es\/index.php?rest_route=\/wp\/v2\/media\/32741"}],"wp:attachment":[{"href":"https:\/\/archive.sana.sy\/es\/index.php?rest_route=%2Fwp%2Fv2%2Fmedia&parent=32740"}],"wp:term":[{"taxonomy":"category","embeddable":true,"href":"https:\/\/archive.sana.sy\/es\/index.php?rest_route=%2Fwp%2Fv2%2Fcategories&post=32740"},{"taxonomy":"post_tag","embeddable":true,"href":"https:\/\/archive.sana.sy\/es\/index.php?rest_route=%2Fwp%2Fv2%2Ftags&post=32740"}],"curies":[{"name":"wp","href":"https:\/\/api.w.org\/{rel}","templated":true}]}}