{"id":327415,"date":"2024-04-21T14:46:10","date_gmt":"2024-04-21T11:46:10","guid":{"rendered":"https:\/\/sana.sy\/es\/?p=327415"},"modified":"2024-04-21T14:46:10","modified_gmt":"2024-04-21T11:46:10","slug":"asciende-a-34-mil-97-la-cifra-de-palestinos-asesinados-por-israel-en-gaza","status":"publish","type":"post","link":"https:\/\/archive.sana.sy\/es\/?p=327415","title":{"rendered":"Asciende a 34 mil 97 la cifra de palestinos asesinados por Israel en Gaza"},"content":{"rendered":"<p style=\"text-align: justify;\"><span style=\"color: #800000;\"><strong>Jerusal\u00e9n ocupada, 21 abr (SANA)<\/strong><\/span> El Ministerio de Salud palestino inform\u00f3 hoy que durante las \u00faltimas 24 horas, el ocupante israel\u00ed cometi\u00f3 5 masacres en la Franja de Gaza, que saldaron en 48 muertos y 79 heridos.<br \/>\n\u201cEl n\u00famero total de v\u00edctimas de la actual agresi\u00f3n israel\u00ed aument\u00f3 a 34 mil 97 muertos y 76 mil 980 heridos\u201d, inform\u00f3 el Ministerio en un comunicado.<\/p>\n<p style=\"text-align: justify;\">El Ej\u00e9rcito israel\u00ed mat\u00f3 hoy a 16 palestinos, incluidos nueve menores de edad, durante los bombardeos de la aviaci\u00f3n y la artiller\u00eda contra la Franja de Gaza.<img loading=\"lazy\" decoding=\"async\" class=\"size-medium wp-image-327416 alignright\" src=\"http:\/\/sana.sy\/es\/wp-content\/uploads\/2024\/04\/photo_2024-04-21_14-44-17-300x155.jpg\" alt=\"\" width=\"300\" height=\"155\" srcset=\"https:\/\/archive.sana.sy\/es\/wp-content\/uploads\/2024\/04\/photo_2024-04-21_14-44-17-300x155.jpg 300w, https:\/\/archive.sana.sy\/es\/wp-content\/uploads\/2024\/04\/photo_2024-04-21_14-44-17-1024x530.jpg 1024w, https:\/\/archive.sana.sy\/es\/wp-content\/uploads\/2024\/04\/photo_2024-04-21_14-44-17-150x78.jpg 150w, https:\/\/archive.sana.sy\/es\/wp-content\/uploads\/2024\/04\/photo_2024-04-21_14-44-17-768x397.jpg 768w, https:\/\/archive.sana.sy\/es\/wp-content\/uploads\/2024\/04\/photo_2024-04-21_14-44-17.jpg 1102w\" sizes=\"(max-width: 300px) 100vw, 300px\" \/><\/p>\n<p style=\"text-align: justify;\">Durante el d\u00eda de hoy, al menos ocho personas perdieron la vida, entre ellos cinco ni\u00f1os y dos mujeres, en los ataques contra dos viviendas en la ciudad de Rafah, que alberga a 1,4 millones de personas, la mayor\u00eda de ellos refugiados de otras zonas del enclave costero.<\/p>\n<p style=\"text-align: justify;\">Por su parte, la Defensa Civil anunci\u00f3 la recuperaci\u00f3n de 50 cad\u00e1veres enterrados en masa por las fuerzas israel\u00edes dentro del Complejo M\u00e9dico Nasser, ubicado en la urbe de Khan Yunis.<\/p>\n<p style=\"text-align: justify;\">fm\/as<\/p>\n","protected":false},"excerpt":{"rendered":"<p>Jerusal\u00e9n ocupada, 21 abr (SANA) El Ministerio de Salud palestino inform\u00f3 hoy que durante las \u00faltimas 24 horas, el ocupante israel\u00ed cometi\u00f3 5 masacres en la Franja de Gaza, que saldaron en 48 muertos y 79 heridos. \u201cEl n\u00famero total de v\u00edctimas de la actual agresi\u00f3n israel\u00ed aument\u00f3 a 34 mil 97 muertos y 76 &hellip;<\/p>\n","protected":false},"author":42,"featured_media":327417,"comment_status":"closed","ping_status":"closed","sticky":false,"template":"","format":"standard","meta":{"footnotes":""},"categories":[597,456,16687,20724,7541],"tags":[],"class_list":["post-327415","post","type-post","status-publish","format-standard","has-post-thumbnail","","category-cinta-de-noticias","category-arabe-internacional-politica","category-internacionales","category-minuto-a-minuto","category-ultimas-noticias"],"_links":{"self":[{"href":"https:\/\/archive.sana.sy\/es\/index.php?rest_route=\/wp\/v2\/posts\/327415"}],"collection":[{"href":"https:\/\/archive.sana.sy\/es\/index.php?rest_route=\/wp\/v2\/posts"}],"about":[{"href":"https:\/\/archive.sana.sy\/es\/index.php?rest_route=\/wp\/v2\/types\/post"}],"author":[{"embeddable":true,"href":"https:\/\/archive.sana.sy\/es\/index.php?rest_route=\/wp\/v2\/users\/42"}],"replies":[{"embeddable":true,"href":"https:\/\/archive.sana.sy\/es\/index.php?rest_route=%2Fwp%2Fv2%2Fcomments&post=327415"}],"version-history":[{"count":1,"href":"https:\/\/archive.sana.sy\/es\/index.php?rest_route=\/wp\/v2\/posts\/327415\/revisions"}],"predecessor-version":[{"id":327418,"href":"https:\/\/archive.sana.sy\/es\/index.php?rest_route=\/wp\/v2\/posts\/327415\/revisions\/327418"}],"wp:featuredmedia":[{"embeddable":true,"href":"https:\/\/archive.sana.sy\/es\/index.php?rest_route=\/wp\/v2\/media\/327417"}],"wp:attachment":[{"href":"https:\/\/archive.sana.sy\/es\/index.php?rest_route=%2Fwp%2Fv2%2Fmedia&parent=327415"}],"wp:term":[{"taxonomy":"category","embeddable":true,"href":"https:\/\/archive.sana.sy\/es\/index.php?rest_route=%2Fwp%2Fv2%2Fcategories&post=327415"},{"taxonomy":"post_tag","embeddable":true,"href":"https:\/\/archive.sana.sy\/es\/index.php?rest_route=%2Fwp%2Fv2%2Ftags&post=327415"}],"curies":[{"name":"wp","href":"https:\/\/api.w.org\/{rel}","templated":true}]}}