{"id":327435,"date":"2024-04-21T15:35:46","date_gmt":"2024-04-21T12:35:46","guid":{"rendered":"https:\/\/sana.sy\/es\/?p=327435"},"modified":"2024-04-21T16:50:01","modified_gmt":"2024-04-21T13:50:01","slug":"fosa-comun-en-un-complejo-medico-desvela-crimenes-de-israel","status":"publish","type":"post","link":"https:\/\/archive.sana.sy\/es\/?p=327435","title":{"rendered":"Fosa com\u00fan en un complejo m\u00e9dico desvela cr\u00edmenes de Israel"},"content":{"rendered":"<p style=\"text-align: justify;\"><span style=\"color: #800000;\"><strong>Jerusal\u00e9n ocupada, 21 abr (SANA)<\/strong><\/span> Los equipos de rescate recuperaron los cuerpos de cientos de palestinos de una fosa com\u00fan en el Complejo M\u00e9dico Al-Nasser en Khan Yunis, despu\u00e9s de que las fuerzas de ocupaci\u00f3n israel\u00edes se retiraran de la ciudad.<\/p>\n<p style=\"text-align: justify;\">La Defensa Civil inform\u00f3 que los cuerpos de unos 190 palestinos fueron recuperados de una fosa com\u00fan descubierta en el referido Complejo, y se\u00f1alaron que muchos de los muertos fueron desnudados antes de ser asesinados y la mayor\u00eda de las v\u00edctimas son mujeres y ni\u00f1os.<\/p>\n<p style=\"text-align: justify;\">La Defensa Civil confirm\u00f3 la desaparici\u00f3n de unos 2.000 residentes de la Franja de Gaza y unos 500 s\u00f3lo en la masacre del complejo, lo que indica que el ocupante utiliza la desaparici\u00f3n forzada y la limpieza \u00e9tnica contra el pueblo de Gaza de manera sistem\u00e1tica y deliberada.<\/p>\n<p style=\"text-align: justify;\">Aclar\u00f3 que hay cad\u00e1veres que se han evaporado y convertidos en cenizas, lo que requiere la ayuda e intervenci\u00f3n de las instituciones internacionales para saber qu\u00e9 tipo de armas est\u00e1 utilizando el ocupante.<\/p>\n<p style=\"text-align: justify;\">A su vez, la Oficina de Prensa en Gaza anunci\u00f3 que el ocupante hab\u00eda preparado un cementerio dentro de los muros del complejo para ocultar sus cr\u00edmenes y ejecut\u00f3 a decenas de desplazados, heridos, enfermos y personal m\u00e9dico.<\/p>\n<p style=\"text-align: justify;\">fm\/as<\/p>\n","protected":false},"excerpt":{"rendered":"<p>Jerusal\u00e9n ocupada, 21 abr (SANA) Los equipos de rescate recuperaron los cuerpos de cientos de palestinos de una fosa com\u00fan en el Complejo M\u00e9dico Al-Nasser en Khan Yunis, despu\u00e9s de que las fuerzas de ocupaci\u00f3n israel\u00edes se retiraran de la ciudad. La Defensa Civil inform\u00f3 que los cuerpos de unos 190 palestinos fueron recuperados de &hellip;<\/p>\n","protected":false},"author":42,"featured_media":327436,"comment_status":"closed","ping_status":"closed","sticky":false,"template":"","format":"standard","meta":{"footnotes":""},"categories":[597,456,16687,20724,583],"tags":[],"class_list":["post-327435","post","type-post","status-publish","format-standard","has-post-thumbnail","","category-cinta-de-noticias","category-arabe-internacional-politica","category-internacionales","category-minuto-a-minuto","category-slide"],"_links":{"self":[{"href":"https:\/\/archive.sana.sy\/es\/index.php?rest_route=\/wp\/v2\/posts\/327435"}],"collection":[{"href":"https:\/\/archive.sana.sy\/es\/index.php?rest_route=\/wp\/v2\/posts"}],"about":[{"href":"https:\/\/archive.sana.sy\/es\/index.php?rest_route=\/wp\/v2\/types\/post"}],"author":[{"embeddable":true,"href":"https:\/\/archive.sana.sy\/es\/index.php?rest_route=\/wp\/v2\/users\/42"}],"replies":[{"embeddable":true,"href":"https:\/\/archive.sana.sy\/es\/index.php?rest_route=%2Fwp%2Fv2%2Fcomments&post=327435"}],"version-history":[{"count":1,"href":"https:\/\/archive.sana.sy\/es\/index.php?rest_route=\/wp\/v2\/posts\/327435\/revisions"}],"predecessor-version":[{"id":327437,"href":"https:\/\/archive.sana.sy\/es\/index.php?rest_route=\/wp\/v2\/posts\/327435\/revisions\/327437"}],"wp:featuredmedia":[{"embeddable":true,"href":"https:\/\/archive.sana.sy\/es\/index.php?rest_route=\/wp\/v2\/media\/327436"}],"wp:attachment":[{"href":"https:\/\/archive.sana.sy\/es\/index.php?rest_route=%2Fwp%2Fv2%2Fmedia&parent=327435"}],"wp:term":[{"taxonomy":"category","embeddable":true,"href":"https:\/\/archive.sana.sy\/es\/index.php?rest_route=%2Fwp%2Fv2%2Fcategories&post=327435"},{"taxonomy":"post_tag","embeddable":true,"href":"https:\/\/archive.sana.sy\/es\/index.php?rest_route=%2Fwp%2Fv2%2Ftags&post=327435"}],"curies":[{"name":"wp","href":"https:\/\/api.w.org\/{rel}","templated":true}]}}