{"id":327450,"date":"2024-04-21T17:52:03","date_gmt":"2024-04-21T14:52:03","guid":{"rendered":"https:\/\/sana.sy\/es\/?p=327450"},"modified":"2024-04-21T17:52:03","modified_gmt":"2024-04-21T14:52:03","slug":"huelga-en-cisjordania-en-denuncia-a-masacre-israeli-en-el-campamento-de-nour-shams","status":"publish","type":"post","link":"https:\/\/archive.sana.sy\/es\/?p=327450","title":{"rendered":"Huelga en Cisjordania en denuncia a masacre israel\u00ed en el campamento de Nour Shams"},"content":{"rendered":"<p style=\"text-align: justify;\"><span style=\"color: #800000;\"><strong>Jerusal\u00e9n ocupada, 21 abr (SANA)\u00a0<\/strong><\/span> \u00a0Una huelga general paraliz\u00f3 hoy las localidades en Cisjordania, en rechazo a la masacre cometida por las fuerzas de ocupaci\u00f3n israel\u00edes en el campamento de Nour Shams en Tulkarm, y en condena a la continua agresi\u00f3n israel\u00ed contra la Franja de Gaza.<\/p>\n<p style=\"text-align: justify;\">La agencia Wafa inform\u00f3 que la huelga, convocada por el movimiento Fatah y las fuerzas nacionales palestinas, abarc\u00f3 todos los aspectos de la vida, incluidas las escuelas, universidades, tiendas, f\u00e1bricas, los laboratorios, bancos y el transporte p\u00fablico.<\/p>\n<p style=\"text-align: justify;\">Asimismo, hubo llamados a manifestaciones en todas las localidades en rechazo a los cr\u00edmenes del ocupante contra el pueblo palestino.<\/p>\n<p style=\"text-align: justify;\">La v\u00edspera, el n\u00famero de v\u00edctimas de la agresi\u00f3n israel\u00ed contra Nour Shams y la ciudad de Tulkarm, ascendi\u00f3 a 14 muertos y decenas de heridos.<\/p>\n<p style=\"text-align: justify;\">fm\/rr<\/p>\n","protected":false},"excerpt":{"rendered":"<p>Jerusal\u00e9n ocupada, 21 abr (SANA)\u00a0 \u00a0Una huelga general paraliz\u00f3 hoy las localidades en Cisjordania, en rechazo a la masacre cometida por las fuerzas de ocupaci\u00f3n israel\u00edes en el campamento de Nour Shams en Tulkarm, y en condena a la continua agresi\u00f3n israel\u00ed contra la Franja de Gaza. La agencia Wafa inform\u00f3 que la huelga, convocada &hellip;<\/p>\n","protected":false},"author":31,"featured_media":327451,"comment_status":"closed","ping_status":"closed","sticky":false,"template":"","format":"standard","meta":{"footnotes":""},"categories":[597,456,16687,7541],"tags":[9074,19834,1494],"class_list":["post-327450","post","type-post","status-publish","format-standard","has-post-thumbnail","","category-cinta-de-noticias","category-arabe-internacional-politica","category-internacionales","category-ultimas-noticias","tag-cisjordania","tag-huelga","tag-palestina"],"_links":{"self":[{"href":"https:\/\/archive.sana.sy\/es\/index.php?rest_route=\/wp\/v2\/posts\/327450"}],"collection":[{"href":"https:\/\/archive.sana.sy\/es\/index.php?rest_route=\/wp\/v2\/posts"}],"about":[{"href":"https:\/\/archive.sana.sy\/es\/index.php?rest_route=\/wp\/v2\/types\/post"}],"author":[{"embeddable":true,"href":"https:\/\/archive.sana.sy\/es\/index.php?rest_route=\/wp\/v2\/users\/31"}],"replies":[{"embeddable":true,"href":"https:\/\/archive.sana.sy\/es\/index.php?rest_route=%2Fwp%2Fv2%2Fcomments&post=327450"}],"version-history":[{"count":1,"href":"https:\/\/archive.sana.sy\/es\/index.php?rest_route=\/wp\/v2\/posts\/327450\/revisions"}],"predecessor-version":[{"id":327452,"href":"https:\/\/archive.sana.sy\/es\/index.php?rest_route=\/wp\/v2\/posts\/327450\/revisions\/327452"}],"wp:featuredmedia":[{"embeddable":true,"href":"https:\/\/archive.sana.sy\/es\/index.php?rest_route=\/wp\/v2\/media\/327451"}],"wp:attachment":[{"href":"https:\/\/archive.sana.sy\/es\/index.php?rest_route=%2Fwp%2Fv2%2Fmedia&parent=327450"}],"wp:term":[{"taxonomy":"category","embeddable":true,"href":"https:\/\/archive.sana.sy\/es\/index.php?rest_route=%2Fwp%2Fv2%2Fcategories&post=327450"},{"taxonomy":"post_tag","embeddable":true,"href":"https:\/\/archive.sana.sy\/es\/index.php?rest_route=%2Fwp%2Fv2%2Ftags&post=327450"}],"curies":[{"name":"wp","href":"https:\/\/api.w.org\/{rel}","templated":true}]}}