{"id":327500,"date":"2024-04-22T18:02:47","date_gmt":"2024-04-22T15:02:47","guid":{"rendered":"https:\/\/sana.sy\/es\/?p=327500"},"modified":"2024-04-22T18:03:01","modified_gmt":"2024-04-22T15:03:01","slug":"siria-y-rusia-ratifican-relaciones-de-cooperacion-y-coordinacion-en-la-lucha-contra-el-terrorismo","status":"publish","type":"post","link":"https:\/\/archive.sana.sy\/es\/?p=327500","title":{"rendered":"Siria y Rusia ratifican relaciones de cooperaci\u00f3n y coordinaci\u00f3n en la lucha contra el terrorismo"},"content":{"rendered":"<blockquote>\n<p style=\"text-align: justify;\"><span style=\"color: #993300;\">El asesor para Asuntos de Seguridad Nacional de la Secretar\u00eda General de la Presidencia de la Rep\u00fablica de Siria, el mayor general Ali Mamlouk, reiter\u00f3 el pleno apoyo de Siria a la operaci\u00f3n militar especial llevada a cabo por Rusia en Ucrania, porque lo que est\u00e1 sucediendo hoy es una correcci\u00f3n de la historia y una defensa de los principios de justicia y humanidad.<\/span><\/p>\n<\/blockquote>\n<p style=\"text-align: justify;\"><span style=\"color: #800000;\"><strong>Mosc\u00fa, 22 abr (SANA)\u00a0<\/strong><\/span> \u00a0El asesor para Asuntos de Seguridad Nacional de la Secretar\u00eda General de la Presidencia de la Rep\u00fablica de Siria, el mayor general Ali Mamlouk, se reuni\u00f3 hoy en Mosc\u00fa, con Nikolai P\u00e1trushev, el secretario del Consejo de Seguridad de Rusia.<\/p>\n<p style=\"text-align: justify;\">Las dos partes destacaron la importancia de fortalecer las relaciones entre los dos pa\u00edses amigos y la coordinaci\u00f3n conjunta en el enfrentamiento al terrorismo.<\/p>\n<p style=\"text-align: justify;\">P\u00e1trushev destac\u00f3 las profundas e hist\u00f3ricas relaciones ruso-sirias y la disposici\u00f3n de Rusia a seguir brindando apoyo a Siria en diversos campos.<\/p>\n<p style=\"text-align: justify;\">A su vez, Mamlouk elogi\u00f3 la fortaleza de las relaciones bilaterales y la importancia de continuar la coordinaci\u00f3n conjunta para fortalecer estas relaciones.<\/p>\n<p style=\"text-align: justify;\">El alto funcionario sirio se\u00f1al\u00f3 que la firmeza del pueblo sirio, con el apoyo de la Federaci\u00f3n Rusa, ha frustrado todos los planes que las organizaciones terroristas intentaron implementar con el apoyo de sus financistas y operadores.<\/p>\n<p style=\"text-align: justify;\">Reiter\u00f3 el pleno apoyo de Siria a la operaci\u00f3n militar especial llevada a cabo por Rusia en Ucrania, porque lo que est\u00e1 sucediendo hoy es una correcci\u00f3n de la historia y una defensa de los principios de justicia y humanidad.<\/p>\n<p style=\"text-align: justify;\">El mayor general Mamlouk hab\u00eda llegado a Mosc\u00fa para participar en la XII Conferencia Internacional de Altos Representantes Responsables de Asuntos de Seguridad, que se celebra en San Petersburgo del 23 al 25 de este mes.<\/p>\n<div id='gallery-1' class='gallery galleryid-327500 gallery-columns-3 gallery-size-thumbnail'><figure class='gallery-item'>\n\t\t\t<div class='gallery-icon landscape'>\n\t\t\t\t<a href='https:\/\/archive.sana.sy\/es\/wp-content\/uploads\/2024\/04\/3-1-copy-2.jpg'><img loading=\"lazy\" decoding=\"async\" width=\"150\" height=\"88\" src=\"https:\/\/archive.sana.sy\/es\/wp-content\/uploads\/2024\/04\/3-1-copy-2-150x88.jpg\" class=\"attachment-thumbnail size-thumbnail\" alt=\"\" srcset=\"https:\/\/archive.sana.sy\/es\/wp-content\/uploads\/2024\/04\/3-1-copy-2-150x88.jpg 150w, https:\/\/archive.sana.sy\/es\/wp-content\/uploads\/2024\/04\/3-1-copy-2-300x176.jpg 300w, https:\/\/archive.sana.sy\/es\/wp-content\/uploads\/2024\/04\/3-1-copy-2.jpg 660w\" sizes=\"(max-width: 150px) 100vw, 150px\" \/><\/a>\n\t\t\t<\/div><\/figure><figure class='gallery-item'>\n\t\t\t<div class='gallery-icon landscape'>\n\t\t\t\t<a href='https:\/\/archive.sana.sy\/es\/wp-content\/uploads\/2024\/04\/3-2-copy-2.jpg'><img loading=\"lazy\" decoding=\"async\" width=\"150\" height=\"96\" src=\"https:\/\/archive.sana.sy\/es\/wp-content\/uploads\/2024\/04\/3-2-copy-2-150x96.jpg\" class=\"attachment-thumbnail size-thumbnail\" alt=\"\" srcset=\"https:\/\/archive.sana.sy\/es\/wp-content\/uploads\/2024\/04\/3-2-copy-2-150x96.jpg 150w, https:\/\/archive.sana.sy\/es\/wp-content\/uploads\/2024\/04\/3-2-copy-2-300x192.jpg 300w, https:\/\/archive.sana.sy\/es\/wp-content\/uploads\/2024\/04\/3-2-copy-2.jpg 660w\" sizes=\"(max-width: 150px) 100vw, 150px\" \/><\/a>\n\t\t\t<\/div><\/figure><figure class='gallery-item'>\n\t\t\t<div class='gallery-icon landscape'>\n\t\t\t\t<a href='https:\/\/archive.sana.sy\/es\/wp-content\/uploads\/2024\/04\/3-4-copy.jpg'><img loading=\"lazy\" decoding=\"async\" width=\"150\" height=\"92\" src=\"https:\/\/archive.sana.sy\/es\/wp-content\/uploads\/2024\/04\/3-4-copy-150x92.jpg\" class=\"attachment-thumbnail size-thumbnail\" alt=\"\" srcset=\"https:\/\/archive.sana.sy\/es\/wp-content\/uploads\/2024\/04\/3-4-copy-150x92.jpg 150w, https:\/\/archive.sana.sy\/es\/wp-content\/uploads\/2024\/04\/3-4-copy-300x185.jpg 300w, https:\/\/archive.sana.sy\/es\/wp-content\/uploads\/2024\/04\/3-4-copy.jpg 660w\" sizes=\"(max-width: 150px) 100vw, 150px\" \/><\/a>\n\t\t\t<\/div><\/figure>\n\t\t<\/div>\n\n<p style=\"text-align: justify;\">fm\/rr<\/p>\n","protected":false},"excerpt":{"rendered":"<p>El asesor para Asuntos de Seguridad Nacional de la Secretar\u00eda General de la Presidencia de la Rep\u00fablica de Siria, el mayor general Ali Mamlouk, reiter\u00f3 el pleno apoyo de Siria a la operaci\u00f3n militar especial llevada a cabo por Rusia en Ucrania, porque lo que est\u00e1 sucediendo hoy es una correcci\u00f3n de la historia y &hellip;<\/p>\n","protected":false},"author":31,"featured_media":327505,"comment_status":"closed","ping_status":"closed","sticky":false,"template":"","format":"standard","meta":{"footnotes":""},"categories":[597,467,7541],"tags":[6695,6553],"class_list":["post-327500","post","type-post","status-publish","format-standard","has-post-thumbnail","","category-cinta-de-noticias","category-siria-y-el-mundo","category-ultimas-noticias","tag-rusia","tag-siria"],"_links":{"self":[{"href":"https:\/\/archive.sana.sy\/es\/index.php?rest_route=\/wp\/v2\/posts\/327500"}],"collection":[{"href":"https:\/\/archive.sana.sy\/es\/index.php?rest_route=\/wp\/v2\/posts"}],"about":[{"href":"https:\/\/archive.sana.sy\/es\/index.php?rest_route=\/wp\/v2\/types\/post"}],"author":[{"embeddable":true,"href":"https:\/\/archive.sana.sy\/es\/index.php?rest_route=\/wp\/v2\/users\/31"}],"replies":[{"embeddable":true,"href":"https:\/\/archive.sana.sy\/es\/index.php?rest_route=%2Fwp%2Fv2%2Fcomments&post=327500"}],"version-history":[{"count":1,"href":"https:\/\/archive.sana.sy\/es\/index.php?rest_route=\/wp\/v2\/posts\/327500\/revisions"}],"predecessor-version":[{"id":327504,"href":"https:\/\/archive.sana.sy\/es\/index.php?rest_route=\/wp\/v2\/posts\/327500\/revisions\/327504"}],"wp:featuredmedia":[{"embeddable":true,"href":"https:\/\/archive.sana.sy\/es\/index.php?rest_route=\/wp\/v2\/media\/327505"}],"wp:attachment":[{"href":"https:\/\/archive.sana.sy\/es\/index.php?rest_route=%2Fwp%2Fv2%2Fmedia&parent=327500"}],"wp:term":[{"taxonomy":"category","embeddable":true,"href":"https:\/\/archive.sana.sy\/es\/index.php?rest_route=%2Fwp%2Fv2%2Fcategories&post=327500"},{"taxonomy":"post_tag","embeddable":true,"href":"https:\/\/archive.sana.sy\/es\/index.php?rest_route=%2Fwp%2Fv2%2Ftags&post=327500"}],"curies":[{"name":"wp","href":"https:\/\/api.w.org\/{rel}","templated":true}]}}