{"id":327506,"date":"2024-04-22T17:47:43","date_gmt":"2024-04-22T14:47:43","guid":{"rendered":"https:\/\/sana.sy\/es\/?p=327506"},"modified":"2024-04-22T19:22:47","modified_gmt":"2024-04-22T16:22:47","slug":"lanzan-en-italia-un-proyecto-sobre-la-rosa-damascena","status":"publish","type":"post","link":"https:\/\/archive.sana.sy\/es\/?p=327506","title":{"rendered":"Lanzan en Italia un proyecto sobre la Rosa Damascena"},"content":{"rendered":"<p style=\"text-align: justify;\"><span style=\"color: #800000;\"><strong>Roma, 22 abr (SANA)\u00a0<\/strong> <\/span>\u00a0Coincidiendo con la temporada anual de cosecha de la rosa damascena en Siria, se lanzaron hoy en Italia las actividades del proyecto \u201cRosa Damascena en San Remo 2024\u201d.<\/p>\n<p style=\"text-align: justify;\">El evento se organiza por el Fondo Sirio para el Desarrollo en cooperaci\u00f3n con la organizaci\u00f3n Sant&#8217;Agata para la Econom\u00eda de Cultura, el Instituto Villa Ormond y el Instituto Internacional Italiano de Derecho Humanitario.<\/p>\n<p style=\"text-align: justify;\">El proyecto tiene como objetivo promover la cultura siria e informar sobre la importancia de su papel en los pa\u00edses de la cuenca mediterr\u00e1nea, al destacar uno de los patrimonios culturales sirios m\u00e1s famosos, que es la rosa damascena, inscrita en la Lista Representativa del Patrimonio Inmaterial de la Humanidad de la UNESCO en 2019.<\/p>\n<p style=\"text-align: justify;\">El evento dura cinco d\u00edas e incluye una exposici\u00f3n fotogr\u00e1fica, veladas musicales y cinematogr\u00e1ficas, seminarios intelectuales y una exhibici\u00f3n de la escultura art\u00edstica de la rosa damascena.<\/p>\n<div id='gallery-1' class='gallery galleryid-327506 gallery-columns-1 gallery-size-full'><figure class='gallery-item'>\n\t\t\t<div class='gallery-icon landscape'>\n\t\t\t\t<a href='https:\/\/archive.sana.sy\/es\/wp-content\/uploads\/2024\/04\/photo_2024-04-22_13-53-36-2-300x213-1.jpg'><img loading=\"lazy\" decoding=\"async\" width=\"300\" height=\"213\" src=\"https:\/\/archive.sana.sy\/es\/wp-content\/uploads\/2024\/04\/photo_2024-04-22_13-53-36-2-300x213-1.jpg\" class=\"attachment-full size-full\" alt=\"\" srcset=\"https:\/\/archive.sana.sy\/es\/wp-content\/uploads\/2024\/04\/photo_2024-04-22_13-53-36-2-300x213-1.jpg 300w, https:\/\/archive.sana.sy\/es\/wp-content\/uploads\/2024\/04\/photo_2024-04-22_13-53-36-2-300x213-1-150x107.jpg 150w\" sizes=\"(max-width: 300px) 100vw, 300px\" \/><\/a>\n\t\t\t<\/div><\/figure><figure class='gallery-item'>\n\t\t\t<div class='gallery-icon portrait'>\n\t\t\t\t<a href='https:\/\/archive.sana.sy\/es\/wp-content\/uploads\/2024\/04\/photo_2024-04-22_13-53-36-225x300-1.jpg'><img loading=\"lazy\" decoding=\"async\" width=\"225\" height=\"300\" src=\"https:\/\/archive.sana.sy\/es\/wp-content\/uploads\/2024\/04\/photo_2024-04-22_13-53-36-225x300-1.jpg\" class=\"attachment-full size-full\" alt=\"\" srcset=\"https:\/\/archive.sana.sy\/es\/wp-content\/uploads\/2024\/04\/photo_2024-04-22_13-53-36-225x300-1.jpg 225w, https:\/\/archive.sana.sy\/es\/wp-content\/uploads\/2024\/04\/photo_2024-04-22_13-53-36-225x300-1-113x150.jpg 113w\" sizes=\"(max-width: 225px) 100vw, 225px\" \/><\/a>\n\t\t\t<\/div><\/figure>\n\t\t<\/div>\n\n<p style=\"text-align: justify;\">rr\/fm<\/p>\n","protected":false},"excerpt":{"rendered":"<p>Roma, 22 abr (SANA)\u00a0 \u00a0Coincidiendo con la temporada anual de cosecha de la rosa damascena en Siria, se lanzaron hoy en Italia las actividades del proyecto \u201cRosa Damascena en San Remo 2024\u201d. El evento se organiza por el Fondo Sirio para el Desarrollo en cooperaci\u00f3n con la organizaci\u00f3n Sant&#8217;Agata para la Econom\u00eda de Cultura, el &hellip;<\/p>\n","protected":false},"author":31,"featured_media":327507,"comment_status":"closed","ping_status":"closed","sticky":false,"template":"","format":"standard","meta":{"footnotes":""},"categories":[597,467,7541],"tags":[9132,22246,6553,20265],"class_list":["post-327506","post","type-post","status-publish","format-standard","has-post-thumbnail","","category-cinta-de-noticias","category-siria-y-el-mundo","category-ultimas-noticias","tag-italia","tag-rosa-damascena","tag-siria","tag-unesco"],"_links":{"self":[{"href":"https:\/\/archive.sana.sy\/es\/index.php?rest_route=\/wp\/v2\/posts\/327506"}],"collection":[{"href":"https:\/\/archive.sana.sy\/es\/index.php?rest_route=\/wp\/v2\/posts"}],"about":[{"href":"https:\/\/archive.sana.sy\/es\/index.php?rest_route=\/wp\/v2\/types\/post"}],"author":[{"embeddable":true,"href":"https:\/\/archive.sana.sy\/es\/index.php?rest_route=\/wp\/v2\/users\/31"}],"replies":[{"embeddable":true,"href":"https:\/\/archive.sana.sy\/es\/index.php?rest_route=%2Fwp%2Fv2%2Fcomments&post=327506"}],"version-history":[{"count":1,"href":"https:\/\/archive.sana.sy\/es\/index.php?rest_route=\/wp\/v2\/posts\/327506\/revisions"}],"predecessor-version":[{"id":327510,"href":"https:\/\/archive.sana.sy\/es\/index.php?rest_route=\/wp\/v2\/posts\/327506\/revisions\/327510"}],"wp:featuredmedia":[{"embeddable":true,"href":"https:\/\/archive.sana.sy\/es\/index.php?rest_route=\/wp\/v2\/media\/327507"}],"wp:attachment":[{"href":"https:\/\/archive.sana.sy\/es\/index.php?rest_route=%2Fwp%2Fv2%2Fmedia&parent=327506"}],"wp:term":[{"taxonomy":"category","embeddable":true,"href":"https:\/\/archive.sana.sy\/es\/index.php?rest_route=%2Fwp%2Fv2%2Fcategories&post=327506"},{"taxonomy":"post_tag","embeddable":true,"href":"https:\/\/archive.sana.sy\/es\/index.php?rest_route=%2Fwp%2Fv2%2Ftags&post=327506"}],"curies":[{"name":"wp","href":"https:\/\/api.w.org\/{rel}","templated":true}]}}