{"id":327511,"date":"2024-04-22T17:21:40","date_gmt":"2024-04-22T14:21:40","guid":{"rendered":"https:\/\/sana.sy\/es\/?p=327511"},"modified":"2024-04-22T19:23:04","modified_gmt":"2024-04-22T16:23:04","slug":"lavrov-los-paises-occidentales-se-tambalean-al-borde-de-un-choque-militar-directo-entre-potencias-nucleares","status":"publish","type":"post","link":"https:\/\/archive.sana.sy\/es\/?p=327511","title":{"rendered":"Lavrov: Los pa\u00edses occidentales se tambalean al borde de un choque militar directo entre potencias nucleares"},"content":{"rendered":"<blockquote>\n<p style=\"text-align: justify;\"><span style=\"color: #993300;\">Seg\u00fan Lavrov, el mundo experimenta una &#8220;crisis del sistema de control de los armamentos, del desarme y de la no proliferaci\u00f3n nuclear&#8221;, la cual refleja una &#8220;profunda degradaci\u00f3n sin precedentes&#8221; de la seguridad internacional.<\/span><\/p>\n<\/blockquote>\n<p style=\"text-align: justify;\"><span style=\"color: #800000;\"><strong>Mosc\u00fa, 22 abr (SANA)\u00a0<\/strong><\/span> \u00a0El ministro de Asuntos Exteriores de Rusia, Sergu\u00e9i Lavrov, advirti\u00f3 que los pa\u00edses occidentales &#8220;se tambalean peligrosamente al borde de un choque militar directo entre potencias nucleares&#8221;, algo que traer\u00eda consecuencias desastrosas,.<\/p>\n<p style=\"text-align: justify;\">En un mensaje dirigido a los participantes de la Conferencia de Mosc\u00fa de No Proliferaci\u00f3n, el Canciller opin\u00f3 que es &#8220;especialmente preocupante&#8221; el hecho de que el &#8220;tr\u00edo&#8221; de las potencias occidentales con arsenales nucleares (EE.UU., Francia y Reino Unido) se encuentre entre los patrocinadores de Kiev, asegurando que Mosc\u00fa considera que eso supone graves &#8220;riesgos estrat\u00e9gicos&#8221; que aumentan el nivel de la amenaza nuclear.<\/p>\n<p style=\"text-align: justify;\">Seg\u00fan Lavrov, el mundo experimenta una &#8220;crisis del sistema de control de los armamentos, del desarme y de la no proliferaci\u00f3n nuclear&#8221;, la cual refleja una &#8220;profunda degradaci\u00f3n sin precedentes&#8221; de la seguridad internacional.<\/p>\n<p style=\"text-align: justify;\">fm\/rr<\/p>\n","protected":false},"excerpt":{"rendered":"<p>Seg\u00fan Lavrov, el mundo experimenta una &#8220;crisis del sistema de control de los armamentos, del desarme y de la no proliferaci\u00f3n nuclear&#8221;, la cual refleja una &#8220;profunda degradaci\u00f3n sin precedentes&#8221; de la seguridad internacional. Mosc\u00fa, 22 abr (SANA)\u00a0 \u00a0El ministro de Asuntos Exteriores de Rusia, Sergu\u00e9i Lavrov, advirti\u00f3 que los pa\u00edses occidentales &#8220;se tambalean peligrosamente &hellip;<\/p>\n","protected":false},"author":31,"featured_media":327512,"comment_status":"closed","ping_status":"closed","sticky":false,"template":"","format":"standard","meta":{"footnotes":""},"categories":[597,456,16687,7541],"tags":[7132,6695,20357],"class_list":["post-327511","post","type-post","status-publish","format-standard","has-post-thumbnail","","category-cinta-de-noticias","category-arabe-internacional-politica","category-internacionales","category-ultimas-noticias","tag-eeuu","tag-rusia","tag-ucrania"],"_links":{"self":[{"href":"https:\/\/archive.sana.sy\/es\/index.php?rest_route=\/wp\/v2\/posts\/327511"}],"collection":[{"href":"https:\/\/archive.sana.sy\/es\/index.php?rest_route=\/wp\/v2\/posts"}],"about":[{"href":"https:\/\/archive.sana.sy\/es\/index.php?rest_route=\/wp\/v2\/types\/post"}],"author":[{"embeddable":true,"href":"https:\/\/archive.sana.sy\/es\/index.php?rest_route=\/wp\/v2\/users\/31"}],"replies":[{"embeddable":true,"href":"https:\/\/archive.sana.sy\/es\/index.php?rest_route=%2Fwp%2Fv2%2Fcomments&post=327511"}],"version-history":[{"count":1,"href":"https:\/\/archive.sana.sy\/es\/index.php?rest_route=\/wp\/v2\/posts\/327511\/revisions"}],"predecessor-version":[{"id":327513,"href":"https:\/\/archive.sana.sy\/es\/index.php?rest_route=\/wp\/v2\/posts\/327511\/revisions\/327513"}],"wp:featuredmedia":[{"embeddable":true,"href":"https:\/\/archive.sana.sy\/es\/index.php?rest_route=\/wp\/v2\/media\/327512"}],"wp:attachment":[{"href":"https:\/\/archive.sana.sy\/es\/index.php?rest_route=%2Fwp%2Fv2%2Fmedia&parent=327511"}],"wp:term":[{"taxonomy":"category","embeddable":true,"href":"https:\/\/archive.sana.sy\/es\/index.php?rest_route=%2Fwp%2Fv2%2Fcategories&post=327511"},{"taxonomy":"post_tag","embeddable":true,"href":"https:\/\/archive.sana.sy\/es\/index.php?rest_route=%2Fwp%2Fv2%2Ftags&post=327511"}],"curies":[{"name":"wp","href":"https:\/\/api.w.org\/{rel}","templated":true}]}}