{"id":327663,"date":"2024-04-24T17:17:48","date_gmt":"2024-04-24T14:17:48","guid":{"rendered":"https:\/\/sana.sy\/es\/?p=327663"},"modified":"2024-04-24T17:17:48","modified_gmt":"2024-04-24T14:17:48","slug":"protestan-en-nueva-york-para-que-eeuu-deje-de-apoyar-a-israel","status":"publish","type":"post","link":"https:\/\/archive.sana.sy\/es\/?p=327663","title":{"rendered":"Protestan en Nueva York para que EEUU deje de apoyar a Israel"},"content":{"rendered":"<p style=\"text-align: justify\"><span style=\"color: #800000\"><strong>Washington, 24 abr (SANA)<\/strong><\/span> Cientos de manifestantes propalestinos se congregaron frente a la casa del l\u00edder del Senado estadounidense, Chuck Schumer, en Brooklyn, Nueva York, donde exigieron que Washington deje de apoyar a &#8220;Israel&#8221;.<\/p>\n<p style=\"text-align: justify\">Los activistas, seg\u00fan inform\u00f3 The New York Times, corearon esl\u00f3ganes a favor de Palestina y pidieron el fin de los env\u00edos de armas al r\u00e9gimen sionista.<\/p>\n<p style=\"text-align: justify\">En Internet aparecieron videos de la multitud que particip\u00f3 en la protesta y se inform\u00f3 de detenciones cerca de la casa del pol\u00edtico.<\/p>\n<p style=\"text-align: justify\">\nfm\/la<\/p>\n","protected":false},"excerpt":{"rendered":"<p>Washington, 24 abr (SANA) Cientos de manifestantes propalestinos se congregaron frente a la casa del l\u00edder del Senado estadounidense, Chuck Schumer, en Brooklyn, Nueva York, donde exigieron que Washington deje de apoyar a &#8220;Israel&#8221;. Los activistas, seg\u00fan inform\u00f3 The New York Times, corearon esl\u00f3ganes a favor de Palestina y pidieron el fin de los env\u00edos &hellip;<\/p>\n","protected":false},"author":24,"featured_media":327664,"comment_status":"closed","ping_status":"closed","sticky":false,"template":"","format":"standard","meta":{"footnotes":""},"categories":[597,456,16687,7541],"tags":[],"class_list":["post-327663","post","type-post","status-publish","format-standard","has-post-thumbnail","","category-cinta-de-noticias","category-arabe-internacional-politica","category-internacionales","category-ultimas-noticias"],"_links":{"self":[{"href":"https:\/\/archive.sana.sy\/es\/index.php?rest_route=\/wp\/v2\/posts\/327663"}],"collection":[{"href":"https:\/\/archive.sana.sy\/es\/index.php?rest_route=\/wp\/v2\/posts"}],"about":[{"href":"https:\/\/archive.sana.sy\/es\/index.php?rest_route=\/wp\/v2\/types\/post"}],"author":[{"embeddable":true,"href":"https:\/\/archive.sana.sy\/es\/index.php?rest_route=\/wp\/v2\/users\/24"}],"replies":[{"embeddable":true,"href":"https:\/\/archive.sana.sy\/es\/index.php?rest_route=%2Fwp%2Fv2%2Fcomments&post=327663"}],"version-history":[{"count":1,"href":"https:\/\/archive.sana.sy\/es\/index.php?rest_route=\/wp\/v2\/posts\/327663\/revisions"}],"predecessor-version":[{"id":327665,"href":"https:\/\/archive.sana.sy\/es\/index.php?rest_route=\/wp\/v2\/posts\/327663\/revisions\/327665"}],"wp:featuredmedia":[{"embeddable":true,"href":"https:\/\/archive.sana.sy\/es\/index.php?rest_route=\/wp\/v2\/media\/327664"}],"wp:attachment":[{"href":"https:\/\/archive.sana.sy\/es\/index.php?rest_route=%2Fwp%2Fv2%2Fmedia&parent=327663"}],"wp:term":[{"taxonomy":"category","embeddable":true,"href":"https:\/\/archive.sana.sy\/es\/index.php?rest_route=%2Fwp%2Fv2%2Fcategories&post=327663"},{"taxonomy":"post_tag","embeddable":true,"href":"https:\/\/archive.sana.sy\/es\/index.php?rest_route=%2Fwp%2Fv2%2Ftags&post=327663"}],"curies":[{"name":"wp","href":"https:\/\/api.w.org\/{rel}","templated":true}]}}