{"id":327723,"date":"2024-04-25T15:46:38","date_gmt":"2024-04-25T12:46:38","guid":{"rendered":"https:\/\/sana.sy\/es\/?p=327723"},"modified":"2024-04-25T16:11:25","modified_gmt":"2024-04-25T13:11:25","slug":"relatora-especial-de-la-onu-pide-imponer-sanciones-a-la-ocupacion-israeli","status":"publish","type":"post","link":"https:\/\/archive.sana.sy\/es\/?p=327723","title":{"rendered":"Relatora Especial de la ONU pide imponer sanciones a la ocupaci\u00f3n israel\u00ed"},"content":{"rendered":"<p style=\"text-align: justify;\"><span style=\"color: #800000;\"><strong>Nueva York, 25 abr (SANA)<\/strong><\/span> La Relatora de las Naciones Unidas para los Derechos Humanos en Palestina, Francesca Albanese, afirm\u00f3 hoy que la situaci\u00f3n en la Franja de Gaza no ha cambiado tras la emisi\u00f3n de la decisi\u00f3n de la Corte Internacional de Justicia de detener el genocidio llevado a cabo por el ocupante israel\u00ed contra los palestinos, pidiendo la imposici\u00f3n de sanciones al r\u00e9gimen israel\u00ed.<\/p>\n<p style=\"text-align: justify;\">&#8220;Israel todav\u00eda rechaza la entrada de los relatores de derechos humanos de la ONU a los territorios ocupados para comenzar su trabajo&#8221;, denunci\u00f3 Albanese.<\/p>\n<p style=\"text-align: justify;\">Agreg\u00f3 que &#8220;a cientos de heridos y ni\u00f1os de Gaza no se les permiti\u00f3 recibir tratamiento en el extranjero, mientras que las condiciones de los pacientes que llegaron a Egipto para recibir tratamiento son extremadamente aterradoras\u201d.<\/p>\n<p style=\"text-align: justify;\">De acuerdo con la funcionaria, est\u00e1 prohibida la entrada de equipos m\u00e9dicos y medicamentos a Gaza, mientras el horror que est\u00e1 experimentando la poblaci\u00f3n en la Franja de Gaza es indescriptible, y subray\u00f3 que la situaci\u00f3n tambi\u00e9n est\u00e1 empeorando en Cisjordania como resultado de los ataques de los colonos y las autoridades de ocupaci\u00f3n.<\/p>\n<p style=\"text-align: justify;\">Albanese reiter\u00f3 la necesidad de que Naciones Unidas asuma su responsabilidad humanitaria y brinde seguridad a los palestinos, y pidi\u00f3 castigar a la entidad israel\u00ed e impedir la exportaci\u00f3n de armas a la misma.<\/p>\n<p style=\"text-align: justify;\">fm\/sm<\/p>\n","protected":false},"excerpt":{"rendered":"<p>Nueva York, 25 abr (SANA) La Relatora de las Naciones Unidas para los Derechos Humanos en Palestina, Francesca Albanese, afirm\u00f3 hoy que la situaci\u00f3n en la Franja de Gaza no ha cambiado tras la emisi\u00f3n de la decisi\u00f3n de la Corte Internacional de Justicia de detener el genocidio llevado a cabo por el ocupante israel\u00ed &hellip;<\/p>\n","protected":false},"author":39,"featured_media":327724,"comment_status":"closed","ping_status":"closed","sticky":false,"template":"","format":"standard","meta":{"footnotes":""},"categories":[597,456,16687,20724,583],"tags":[],"class_list":["post-327723","post","type-post","status-publish","format-standard","has-post-thumbnail","","category-cinta-de-noticias","category-arabe-internacional-politica","category-internacionales","category-minuto-a-minuto","category-slide"],"_links":{"self":[{"href":"https:\/\/archive.sana.sy\/es\/index.php?rest_route=\/wp\/v2\/posts\/327723"}],"collection":[{"href":"https:\/\/archive.sana.sy\/es\/index.php?rest_route=\/wp\/v2\/posts"}],"about":[{"href":"https:\/\/archive.sana.sy\/es\/index.php?rest_route=\/wp\/v2\/types\/post"}],"author":[{"embeddable":true,"href":"https:\/\/archive.sana.sy\/es\/index.php?rest_route=\/wp\/v2\/users\/39"}],"replies":[{"embeddable":true,"href":"https:\/\/archive.sana.sy\/es\/index.php?rest_route=%2Fwp%2Fv2%2Fcomments&post=327723"}],"version-history":[{"count":1,"href":"https:\/\/archive.sana.sy\/es\/index.php?rest_route=\/wp\/v2\/posts\/327723\/revisions"}],"predecessor-version":[{"id":327725,"href":"https:\/\/archive.sana.sy\/es\/index.php?rest_route=\/wp\/v2\/posts\/327723\/revisions\/327725"}],"wp:featuredmedia":[{"embeddable":true,"href":"https:\/\/archive.sana.sy\/es\/index.php?rest_route=\/wp\/v2\/media\/327724"}],"wp:attachment":[{"href":"https:\/\/archive.sana.sy\/es\/index.php?rest_route=%2Fwp%2Fv2%2Fmedia&parent=327723"}],"wp:term":[{"taxonomy":"category","embeddable":true,"href":"https:\/\/archive.sana.sy\/es\/index.php?rest_route=%2Fwp%2Fv2%2Fcategories&post=327723"},{"taxonomy":"post_tag","embeddable":true,"href":"https:\/\/archive.sana.sy\/es\/index.php?rest_route=%2Fwp%2Fv2%2Ftags&post=327723"}],"curies":[{"name":"wp","href":"https:\/\/api.w.org\/{rel}","templated":true}]}}