{"id":327726,"date":"2024-04-25T16:10:48","date_gmt":"2024-04-25T13:10:48","guid":{"rendered":"https:\/\/sana.sy\/es\/?p=327726"},"modified":"2024-04-26T14:16:57","modified_gmt":"2024-04-26T11:16:57","slug":"extraen-los-cuerpos-de-casi-400-palestinos-en-una-fosa-comun-en-el-hospital-nasser-en-gaza","status":"publish","type":"post","link":"https:\/\/archive.sana.sy\/es\/?p=327726","title":{"rendered":"Extraen los cuerpos de casi 400 palestinos en una fosa com\u00fan en el hospital Nasser en Gaza"},"content":{"rendered":"<p style=\"text-align: justify;\"><span style=\"color: #800000;\"><strong>Jerusal\u00e9n ocupada, 25 abr (SANA)<\/strong><\/span> El Ministerio de Salud palestino anunci\u00f3 hoy que el ocupante israel\u00ed cometi\u00f3 cinco masacres en la Franja de Gaza durante las \u00faltimas 24 horas, que cobraron la vida de 43 palestinos mientras otros 64 resultaron heridos.<\/p>\n<p style=\"text-align: justify;\">Por medio de una declaraci\u00f3n, el ente de salud asegur\u00f3 que el n\u00famero total de v\u00edctimas durante 202 d\u00edas de agresi\u00f3n aument\u00f3 a 34 mil 305 muertos y 77 mil 293 heridos.<\/p>\n<p style=\"text-align: justify;\">Agreg\u00f3 que un n\u00famero de v\u00edctimas mortales todav\u00eda se encuentran bajo los escombros y en las carreteras y las ambulancias y los equipos de defensa civil no pueden llegar a los mismos.<\/p>\n<p style=\"text-align: justify;\">Por su parte, la Defensa Civil en Gaza confirm\u00f3 que el ocupante cometi\u00f3 ejecuciones sumarias en el Complejo M\u00e9dico Nasser en la ciudad de Khan Yunis, y exigi\u00f3 la apertura de una investigaci\u00f3n internacional sobre estos cr\u00edmenes.<\/p>\n<p style=\"text-align: justify;\">Hemos sacado los cuerpos de 392 v\u00edctimas palestinas de una fosa com\u00fan en el Complejo, y no se pudo identificar la mayor\u00eda de ellos, indic\u00f3.<\/p>\n<p style=\"text-align: justify;\">Denunci\u00f3 que las tropas sionistas llevaron a cabo ejecuciones masivas en el referido centro hospitalario, y mutilaron los cuerpos y enterraron vivos al menos a 20 personas.<\/p>\n<p style=\"text-align: justify;\">fm\/sm<\/p>\n","protected":false},"excerpt":{"rendered":"<p>Jerusal\u00e9n ocupada, 25 abr (SANA) El Ministerio de Salud palestino anunci\u00f3 hoy que el ocupante israel\u00ed cometi\u00f3 cinco masacres en la Franja de Gaza durante las \u00faltimas 24 horas, que cobraron la vida de 43 palestinos mientras otros 64 resultaron heridos. Por medio de una declaraci\u00f3n, el ente de salud asegur\u00f3 que el n\u00famero total &hellip;<\/p>\n","protected":false},"author":39,"featured_media":327727,"comment_status":"closed","ping_status":"closed","sticky":false,"template":"","format":"standard","meta":{"footnotes":""},"categories":[597,456,16687,20724,583],"tags":[],"class_list":["post-327726","post","type-post","status-publish","format-standard","has-post-thumbnail","","category-cinta-de-noticias","category-arabe-internacional-politica","category-internacionales","category-minuto-a-minuto","category-slide"],"_links":{"self":[{"href":"https:\/\/archive.sana.sy\/es\/index.php?rest_route=\/wp\/v2\/posts\/327726"}],"collection":[{"href":"https:\/\/archive.sana.sy\/es\/index.php?rest_route=\/wp\/v2\/posts"}],"about":[{"href":"https:\/\/archive.sana.sy\/es\/index.php?rest_route=\/wp\/v2\/types\/post"}],"author":[{"embeddable":true,"href":"https:\/\/archive.sana.sy\/es\/index.php?rest_route=\/wp\/v2\/users\/39"}],"replies":[{"embeddable":true,"href":"https:\/\/archive.sana.sy\/es\/index.php?rest_route=%2Fwp%2Fv2%2Fcomments&post=327726"}],"version-history":[{"count":2,"href":"https:\/\/archive.sana.sy\/es\/index.php?rest_route=\/wp\/v2\/posts\/327726\/revisions"}],"predecessor-version":[{"id":327763,"href":"https:\/\/archive.sana.sy\/es\/index.php?rest_route=\/wp\/v2\/posts\/327726\/revisions\/327763"}],"wp:featuredmedia":[{"embeddable":true,"href":"https:\/\/archive.sana.sy\/es\/index.php?rest_route=\/wp\/v2\/media\/327727"}],"wp:attachment":[{"href":"https:\/\/archive.sana.sy\/es\/index.php?rest_route=%2Fwp%2Fv2%2Fmedia&parent=327726"}],"wp:term":[{"taxonomy":"category","embeddable":true,"href":"https:\/\/archive.sana.sy\/es\/index.php?rest_route=%2Fwp%2Fv2%2Fcategories&post=327726"},{"taxonomy":"post_tag","embeddable":true,"href":"https:\/\/archive.sana.sy\/es\/index.php?rest_route=%2Fwp%2Fv2%2Ftags&post=327726"}],"curies":[{"name":"wp","href":"https:\/\/api.w.org\/{rel}","templated":true}]}}