{"id":327729,"date":"2024-04-25T16:58:43","date_gmt":"2024-04-25T13:58:43","guid":{"rendered":"https:\/\/sana.sy\/es\/?p=327729"},"modified":"2024-04-25T16:58:43","modified_gmt":"2024-04-25T13:58:43","slug":"noruega-anuncia-su-intencion-de-reconocer-el-estado-de-palestina","status":"publish","type":"post","link":"https:\/\/archive.sana.sy\/es\/?p=327729","title":{"rendered":"Noruega anuncia su intenci\u00f3n de reconocer el Estado de Palestina"},"content":{"rendered":"<p style=\"text-align: justify;\"><span style=\"color: #800000;\"><strong>Oslo, 25 abr (SANA)\u00a0 <\/strong><\/span>El Ministro de Asuntos Exteriores noruego, Espen Barth Eide, revel\u00f3 que su pa\u00eds anunciar\u00e1 su reconocimiento del Estado de Palestina en el pr\u00f3ximo per\u00edodo.<\/p>\n<p style=\"text-align: justify;\">&#8220;Noruega est\u00e1 trabajando en la cuesti\u00f3n del reconocimiento del Estado palestino en cooperaci\u00f3n con otros pa\u00edses&#8221;, dijo el Canciller del pa\u00eds europeo durante una entrevista con un canal de televisi\u00f3n local, inform\u00f3 la agencia de noticias Novosti<\/p>\n<p style=\"text-align: justify;\">Asimismo destac\u00f3 que resolver el conflicto existente en el Medio Oriente requiere el establecimiento de un Estado palestino.<\/p>\n<p style=\"text-align: justify;\">Adem\u00e1s, el alto funcionario noruego enfatiz\u00f3 la importancia del trabajo de organizaciones humanitarias como la UNRWA y su papel eficaz en las operaciones de socorro en la Franja de Gaza.<\/p>\n<p style=\"text-align: justify;\">sm<\/p>\n","protected":false},"excerpt":{"rendered":"<p>Oslo, 25 abr (SANA)\u00a0 El Ministro de Asuntos Exteriores noruego, Espen Barth Eide, revel\u00f3 que su pa\u00eds anunciar\u00e1 su reconocimiento del Estado de Palestina en el pr\u00f3ximo per\u00edodo. &#8220;Noruega est\u00e1 trabajando en la cuesti\u00f3n del reconocimiento del Estado palestino en cooperaci\u00f3n con otros pa\u00edses&#8221;, dijo el Canciller del pa\u00eds europeo durante una entrevista con un &hellip;<\/p>\n","protected":false},"author":39,"featured_media":327730,"comment_status":"closed","ping_status":"closed","sticky":false,"template":"","format":"standard","meta":{"footnotes":""},"categories":[597,456,16687,20724,7541],"tags":[],"class_list":["post-327729","post","type-post","status-publish","format-standard","has-post-thumbnail","","category-cinta-de-noticias","category-arabe-internacional-politica","category-internacionales","category-minuto-a-minuto","category-ultimas-noticias"],"_links":{"self":[{"href":"https:\/\/archive.sana.sy\/es\/index.php?rest_route=\/wp\/v2\/posts\/327729"}],"collection":[{"href":"https:\/\/archive.sana.sy\/es\/index.php?rest_route=\/wp\/v2\/posts"}],"about":[{"href":"https:\/\/archive.sana.sy\/es\/index.php?rest_route=\/wp\/v2\/types\/post"}],"author":[{"embeddable":true,"href":"https:\/\/archive.sana.sy\/es\/index.php?rest_route=\/wp\/v2\/users\/39"}],"replies":[{"embeddable":true,"href":"https:\/\/archive.sana.sy\/es\/index.php?rest_route=%2Fwp%2Fv2%2Fcomments&post=327729"}],"version-history":[{"count":1,"href":"https:\/\/archive.sana.sy\/es\/index.php?rest_route=\/wp\/v2\/posts\/327729\/revisions"}],"predecessor-version":[{"id":327731,"href":"https:\/\/archive.sana.sy\/es\/index.php?rest_route=\/wp\/v2\/posts\/327729\/revisions\/327731"}],"wp:featuredmedia":[{"embeddable":true,"href":"https:\/\/archive.sana.sy\/es\/index.php?rest_route=\/wp\/v2\/media\/327730"}],"wp:attachment":[{"href":"https:\/\/archive.sana.sy\/es\/index.php?rest_route=%2Fwp%2Fv2%2Fmedia&parent=327729"}],"wp:term":[{"taxonomy":"category","embeddable":true,"href":"https:\/\/archive.sana.sy\/es\/index.php?rest_route=%2Fwp%2Fv2%2Fcategories&post=327729"},{"taxonomy":"post_tag","embeddable":true,"href":"https:\/\/archive.sana.sy\/es\/index.php?rest_route=%2Fwp%2Fv2%2Ftags&post=327729"}],"curies":[{"name":"wp","href":"https:\/\/api.w.org\/{rel}","templated":true}]}}